{"id":9880,"date":"2021-06-24T11:40:28","date_gmt":"2021-06-24T09:40:28","guid":{"rendered":"https:\/\/www.culturalusa.com\/news\/?p=9880"},"modified":"2021-06-24T11:42:47","modified_gmt":"2021-06-24T09:42:47","slug":"la-france-va-toucher-394-milliards-deuros-de-bruxelles-avec-son-plan-de-relance-valide","status":"publish","type":"post","link":"https:\/\/www.culturalusa.com\/news\/actualite\/la-france-va-toucher-394-milliards-deuros-de-bruxelles-avec-son-plan-de-relance-valide\/","title":{"rendered":"La France va toucher 39,4 milliards d\u2019euros de Bruxelles, avec son plan de relance valid\u00e9"},"content":{"rendered":"<p>Pour revigorer son \u00e9conomie, <strong>la France va toucher 39,4 milliards d\u2019euros de l\u2019Union europ\u00e9enne<\/strong>, qui a valid\u00e9 mercredi le plan de relance financ\u00e9 en partie par un emprunt europ\u00e9en commun in\u00e9dit et va verser un premier ch\u00e8que cet \u00e9t\u00e9 \u00e0 Paris.<\/p>\n<blockquote><p>\u00ab\u00a0Je suis heureuse d&rsquo;annoncer que la Commission soutient le <span style=\"color: #800000;\">plan de relance fran\u00e7ais<\/span>\u00ab\u00a0, a d\u00e9clar\u00e9 tout sourire Ursula von der Leyen depuis les jardins de l&rsquo;Elys\u00e9e, en brandissant avec Emmanuel Macron le dossier d&rsquo;approbation du plan fran\u00e7ais.<\/p><\/blockquote>\n<p>\u00ab\u00a0Cela correspond au versement de 40 milliards d&rsquo;euros \u00e0 la France jusqu&rsquo;en 2026, une contribution extr\u00eamement substantielle\u00a0\u00bb, a indiqu\u00e9 le pr\u00e9sident.<\/p>\n<p>Cela permettra \u00ab\u00a0de d\u00e9ployer une politique ambitieuse en mati\u00e8re d&rsquo;\u00e9cologie de comp\u00e9titivit\u00e9, de coh\u00e9sion sociale et territoriale\u00a0\u00bb, a-t-il ajout\u00e9.<\/p>\n<h3>Transition \u00e9cologique<\/h3>\n<p>Au total, le gouvernement a pr\u00e9vu un plan de relance de 100 milliards d\u2019euros, dont 39,4 milliards financ\u00e9s par ces subventions directes.<\/p>\n<p>\u00ab\u00a0Nous pourrons toucher, dans le courant du mois de juillet, le premier versement europ\u00e9en d&rsquo;un montant de 5 milliards d&rsquo;euros\u00a0\u00bb, a pr\u00e9cis\u00e9 le ministre de l&rsquo;Economie Bruno Le Maire.<\/p>\n<p>Un second versement de 5 milliards interviendra \u00e0 l\u2019automne, selon des sources europ\u00e9ennes et fran\u00e7aises.<\/p>\n<blockquote><p>Pr\u00e8s de la moiti\u00e9 de l&rsquo;aide europ\u00e9enne sera d\u00e9di\u00e9e \u00e0 la transition \u00e9cologique, avec 5,8 milliards d\u2019euros pour la r\u00e9novation \u00e9nerg\u00e9tique des b\u00e2timents, 4,4 milliards pour moderniser le r\u00e9seau ferroviaire et 1,9 milliard pour d\u00e9velopper l\u2019hydrog\u00e8ne d\u00e9carbon\u00e9, indique la Commission dans un communiqu\u00e9<\/p><\/blockquote>\n<p>Un peu plus de 8 milliards d\u2019euros seront consacr\u00e9s \u00e0 la num\u00e9risation des entreprises, des \u00e9coles et administrations, tandis que le reste de l&rsquo;enveloppe doit financer notamment des d\u00e9penses en faveur de l\u2019emploi et de l\u2019apprentissage des jeunes, la modernisation du syst\u00e8me de sant\u00e9 et des programmes de formation professionnelle.<\/p>\n<p>La France se situe dans les clous des crit\u00e8res de Bruxelles, qui fixait au moins 37% de d\u00e9penses pour la transition \u00e9cologique et 20% pour la transition num\u00e9rique.<\/p>\n<p>\u00ab\u00a0Ce plan va acc\u00e9l\u00e9rer la transition verte et \u00e9conomique sur tout le territoire\u00a0\u00bb et \u00ab\u00a0va financer une grande vague de r\u00e9novation \u00e9nerg\u00e9tique, y compris pour les logements sociaux\u00a0\u00bb a estim\u00e9 Mme von der Leyen.<\/p>\n<p>Bruno Le Maire, qui a ensuite visit\u00e9 \u00e0 ses c\u00f4t\u00e9s un site de recherche du Commissariat \u00e0 l&rsquo;\u00e9nergie atomique et aux \u00e9nergies alternatives (CEA), a estim\u00e9 que \u00ab\u00a0l&rsquo;\u00e9conomie fran\u00e7aise se redresse\u00a0\u00bb: \u00ab\u00a0Nous avons 19% d&rsquo;augmentation de d\u00e9penses des Fran\u00e7ais par rapport \u00e0 la m\u00eame semaine en 2019. C&rsquo;est bien la preuve que la relance va vite.\u00a0\u00bb<\/p>\n<p>A la fin mai, sur les 100 milliards d\u2019euros pr\u00e9vus, Paris avait d\u00e9j\u00e0 contractualis\u00e9 36 milliards dont 10 sur le volet \u00e9cologie, 15 milliards sur le volet comp\u00e9titivit\u00e9 (dont 10 milliards de baisse des imp\u00f4ts de production) et 11 milliards sur le volet coh\u00e9sion sociale et territoriale. L\u2019objectif du gouvernement est de monter \u00e0 70 milliards d\u2019euros engag\u00e9s d\u2019ici \u00e0 la fin de l\u2019ann\u00e9e.<\/p>\n<p>D&rsquo;apr\u00e8s une simulation, ce plan pourrait contribuer \u00e0 augmenter de 12% le PIB fran\u00e7ais sur 20 ans, a indiqu\u00e9 \u00e0 l&rsquo;AFP une source europ\u00e9enne.<\/p>\n<h3>R\u00e9formes structurelles<\/h3>\n<p>Les \u00c9tats membres devaient assortir leur plan de r\u00e9formes structurelles, r\u00e9clam\u00e9es par l&rsquo;UE.<\/p>\n<p>Bruxelles \u00ab\u00a0consid\u00e8re que le plan de la France pr\u00e9voit un vaste ensemble de r\u00e9formes et d&rsquo;investissements qui (&#8230;) contribuent \u00e0 relever efficacement l\u2019ensemble ou une partie non n\u00e9gligeable des d\u00e9fis \u00e9conomiques et sociaux recens\u00e9s dans les recommandations adress\u00e9es \u00e0 la France\u00a0\u00bb, a indiqu\u00e9 la Commission dans son communiqu\u00e9, sans mentionner la sensible question de la r\u00e9forme des retraites, r\u00e9clam\u00e9e de longue date par l&rsquo;UE.<\/p>\n<h3>Dans son plan, Paris a repris une bonne partie des r\u00e9formes adopt\u00e9es depuis 2017: politique du logement, loi climat ou encore la loi de simplification de l&rsquo;action publique et de la vie des entreprises.<\/h3>\n<p>L&rsquo;UE a commenc\u00e9 \u00e0 emprunter sur les march\u00e9s financiers \u00e0 la mi-juin pour financer ce plan destin\u00e9 \u00e0 surmonter les cons\u00e9quences \u00e9conomiques de la pand\u00e9mie.<\/p>\n<p>Le recours commun \u00e0 l&#8217;emprunt permettra de verser 672 milliards d&rsquo;euros de subventions et pr\u00eats aux pays membres. \u00ab\u00a0Du jamais vu depuis le plan Marshall\u00a0\u00bb, selon Ursula von der Leyen.<\/p>\n<p><strong>L&rsquo;Espagne, avec 70 milliards de subventions directes, et l&rsquo;Italie (68,9 milliards) sont les principaux b\u00e9n\u00e9ficiaires de ce m\u00e9ga-plan<\/strong>.<\/p>\n<p>Formellement, le feu vert d\u00e9finitif aux plans nationaux sera donn\u00e9 par le Conseil qui repr\u00e9sente les \u00c9tats membres. Les premiers avis positifs sont attendus le 13 juillet. (AFP)<\/p>\n","protected":false},"excerpt":{"rendered":"<p>Pour revigorer son \u00e9conomie, la France va toucher 39,4 milliards d\u2019euros de l\u2019Union europ\u00e9enne, qui a valid\u00e9 mercredi le plan de relance financ\u00e9 en partie par un emprunt europ\u00e9en commun in\u00e9dit et va verser un premier ch\u00e8que cet \u00e9t\u00e9 \u00e0 Paris. \u00ab\u00a0Je suis heureuse d&rsquo;annoncer que la Commission soutient le plan de relance fran\u00e7ais\u00ab\u00a0, a [&hellip;]<\/p>\n","protected":false},"author":1,"featured_media":9881,"comment_status":"open","ping_status":"closed","sticky":false,"template":"","format":"standard","meta":{"footnotes":""},"categories":[30],"tags":[226,1293,1909,173],"class_list":["post-9880","post","type-post","status-publish","format-standard","has-post-thumbnail","hentry","category-actualite","tag-bruxelles","tag-france","tag-plan-de-relance-europeen","tag-union-europeenne"],"aioseo_notices":[],"_links":{"self":[{"href":"https:\/\/www.culturalusa.com\/news\/wp-json\/wp\/v2\/posts\/9880","targetHints":{"allow":["GET"]}}],"collection":[{"href":"https:\/\/www.culturalusa.com\/news\/wp-json\/wp\/v2\/posts"}],"about":[{"href":"https:\/\/www.culturalusa.com\/news\/wp-json\/wp\/v2\/types\/post"}],"author":[{"embeddable":true,"href":"https:\/\/www.culturalusa.com\/news\/wp-json\/wp\/v2\/users\/1"}],"replies":[{"embeddable":true,"href":"https:\/\/www.culturalusa.com\/news\/wp-json\/wp\/v2\/comments?post=9880"}],"version-history":[{"count":0,"href":"https:\/\/www.culturalusa.com\/news\/wp-json\/wp\/v2\/posts\/9880\/revisions"}],"wp:featuredmedia":[{"embeddable":true,"href":"https:\/\/www.culturalusa.com\/news\/wp-json\/wp\/v2\/media\/9881"}],"wp:attachment":[{"href":"https:\/\/www.culturalusa.com\/news\/wp-json\/wp\/v2\/media?parent=9880"}],"wp:term":[{"taxonomy":"category","embeddable":true,"href":"https:\/\/www.culturalusa.com\/news\/wp-json\/wp\/v2\/categories?post=9880"},{"taxonomy":"post_tag","embeddable":true,"href":"https:\/\/www.culturalusa.com\/news\/wp-json\/wp\/v2\/tags?post=9880"}],"curies":[{"name":"wp","href":"https:\/\/api.w.org\/{rel}","templated":true}]}}