{"id":9904,"date":"2021-06-30T12:28:05","date_gmt":"2021-06-30T10:28:05","guid":{"rendered":"https:\/\/www.culturalusa.com\/news\/?p=9904"},"modified":"2021-06-30T12:33:31","modified_gmt":"2021-06-30T10:33:31","slug":"face-au-variant-delta-la-france-entend-ne-pas-baisser-les-bras","status":"publish","type":"post","link":"https:\/\/www.culturalusa.com\/news\/technologie\/face-au-variant-delta-la-france-entend-ne-pas-baisser-les-bras\/","title":{"rendered":"Face au variant Delta, la France entend \u00ab\u00a0ne pas baisser les bras\u00a0\u00bb"},"content":{"rendered":"<p>Variant Delta: le gouvernement entend \u00ab\u00a0ne pas baisser les bras\u00a0\u00bb face \u00e0 la menace du tr\u00e8s contagieux variant Delta et <strong>maintenir la pression sur la vaccination<\/strong>, sachant que le cap de la moiti\u00e9 de Fran\u00e7ais vaccin\u00e9s en premi\u00e8re dose contre le Covid-19 a \u00e9t\u00e9 franchi mardi.<\/p>\n<blockquote><p>Le variant Delta (anciennement dit \u00ab\u00a0indien\u00a0\u00bb) progresse et repr\u00e9sente \u00ab\u00a020% des nouveaux cas\u00a0\u00bb de Covid-19, le double de la semaine pr\u00e9c\u00e9dente, mais \u00ab\u00a0on peut y \u00e9chapper\u00a0\u00bb avec la vaccination et un tra\u00e7age serr\u00e9, a assur\u00e9 mardi le ministre de la Sant\u00e9 Olivier V\u00e9ran sur franceinfo.<\/p><\/blockquote>\n<p>Mercredi dernier, le porte-parole du gouvernement Gabriel Attal avait chiffr\u00e9 la pr\u00e9sence du variant Delta, apparu en Inde en avril, \u00e0 entre 9 et 10% des nouveaux cas de Covid-19 en France.<\/p>\n<p>Il progresse \u00ab\u00a0en pourcentage et pas en valeur absolue car le nombre de cas baisse\u00a0\u00bb, a soulign\u00e9 le ministre.<\/p>\n<p>Au niveau national, \u00ab\u00a0pour l&rsquo;instant, le taux d&rsquo;incidence (nombre de nouveaux cas pour 100.000 habitants) continue de baisser, on est \u00e0 18, soit 20 \u00e0 30 fois moins que lors du pic\u00a0\u00bb, a expliqu\u00e9 le ministre \u00e0 la veille de la lev\u00e9e de jauges dans des lieux clos (restaurants, cin\u00e9ma, etc.).<\/p>\n<p>Par cons\u00e9quent, il \u00ab\u00a0ne faut pas baisser les bras\u00a0\u00bb face \u00e0 un variant qui, \u00ab\u00a0\u00e0 l&rsquo;heure actuelle, a plut\u00f4t tendance \u00e0 d\u00e9cliner, y compris dans les Landes\u00a0\u00bb. Dans ce d\u00e9partement o\u00f9 il est apparu en premier en France, le gouvernement a men\u00e9 \u00ab\u00a0un plan d&rsquo;action tr\u00e8s fort, de contact tracing (tra\u00e7age des cha\u00eenes de transmission), de vaccination massive, et le taux d&rsquo;incidence a baiss\u00e9 de 10% en quelques jours\u00a0\u00bb, a-t-il soulign\u00e9.<\/p>\n<h2>Variant Delta, 90% fin ao\u00fbt<\/h2>\n<p>N\u00e9anmoins, <strong>Delta est \u00ab\u00a0plus contagieux (environ 60% de plus que le variant britannique, Alpha) et il devient progressivement dominant\u00a0\u00bb<\/strong>, a rappel\u00e9 M. V\u00e9ran. C&rsquo;est le cas au Royaume-Uni, en Russie ou en Australie.<\/p>\n<p>Le Centre europ\u00e9en de pr\u00e9vention et contr\u00f4le des maladies estime que <span style=\"color: #800000;\"><strong>Delta repr\u00e9sentera 90% des cas de Covid-19 fin ao\u00fbt en Europe<\/strong><\/span>.<\/p>\n<p>Dans la course de vitesse qui s&rsquo;est engag\u00e9e, l&rsquo;arme principale reste la vaccination aux yeux de l&rsquo;ex\u00e9cutif qui s&rsquo;est fix\u00e9 comme objectif 35 millions de Fran\u00e7ais (et 66% des adultes) compl\u00e8tement vaccin\u00e9s ainsi que 40 millions (et 75% des adultes) de premi\u00e8res doses inject\u00e9es pour la fin ao\u00fbt.<\/p>\n<p>Le cap de la moiti\u00e9 de Fran\u00e7ais primo-vaccin\u00e9s a \u00e9t\u00e9 franchi mardi soir avec 33,69 millions de personnes (50% de la population totale) ayant re\u00e7u au moins une dose et 22,26 millions dot\u00e9es d&rsquo;un sch\u00e9ma vaccinal complet.<\/p>\n<blockquote><p>Le gouvernement veut \u00e9viter une quatri\u00e8me vague \u00e0 l&rsquo;automne. En tout cas, il cherche \u00e0 la contenir et vise id\u00e9alement \u00ab\u00a0z\u00e9ro impact sanitaire, social et \u00e9ducatif\u00a0\u00bb.<\/p><\/blockquote>\n<p>Pour cela, il faut continuer de vacciner \u00e0 tour de bras, en particulier les personnes \u00e0 comorbidit\u00e9s &#8211; couvertes aux deux tiers environ face \u00e0 un objectif \u00e0 plus de 80% &#8211; et les plus de 55 ans qui sont encore 4,8 millions \u00e0 ne pas \u00eatre prot\u00e9g\u00e9s (contre 5 millions la semaine pr\u00e9c\u00e9dente), a indiqu\u00e9 mardi le minist\u00e8re de la Sant\u00e9 lors d&rsquo;un briefing.<\/p>\n<h3>Route des vacances<\/h3>\n<p>\u00ab\u00a0On continue de progresser sur les plus \u00e2g\u00e9s m\u00eame si on est entr\u00e9 dans la phase du dernier kilom\u00e8tre\u00a0\u00bb, a-t-on pr\u00e9cis\u00e9 de m\u00eame source en citant des taux de premi\u00e8re injection de 83% pour les plus de 70 ans, 80% pour les plus de 60 ans et 76% pour les plus de 50 ans.<\/p>\n<p>\u00ab\u00a0Le taux de vaccination monte encore mais pas suffisamment vite\u00a0\u00bb, a soulign\u00e9 M. V\u00e9ran, confiant dans l&rsquo;octroi d&rsquo;ici \u00e0 quelques jours d&rsquo;un avis favorable de la CNIL (Commission nationale de l&rsquo;informatique et des libert\u00e9s) pour communiquer aux m\u00e9decins la liste de leurs patients non vaccin\u00e9s.<\/p>\n<p>Il a aussi \u00e9voqu\u00e9 la forte possibilit\u00e9 de rendre obligatoire la vaccination des soignants. Olivier V\u00e9ran dit avoir \u00e9crit aux directeurs d&rsquo;Ehpad o\u00f9, selon le minist\u00e8re, \u00ab\u00a0les professionnels sont 57% \u00e0 avoir re\u00e7u une premi\u00e8re dose\u00a0\u00bb et seulement 44% \u00e0 \u00eatre prot\u00e9g\u00e9s compl\u00e8tement.<\/p>\n<p>Pour donner un nouveau coup de pouce \u00e0 la vaccination (quelque 100.000 rendez-vous ne trouvent pas preneur quotidiennement), le minist\u00e8re a rappel\u00e9 les dispositifs pr\u00e9vus sur la route des vacances.<\/p>\n<p>Il y aura des \u00ab\u00a0sensibilisations\u00a0\u00bb sur les aires d&rsquo;autoroutes et les agences de sant\u00e9 r\u00e9gionales \u00e9tabliront des \u00ab\u00a0dispositifs exceptionnels\u00a0\u00bb, comme des \u00ab\u00a0drives en nombre important\u00a0\u00bb et des \u00ab\u00a0barnums sur les lieux estivaux et de rassemblement\u00a0\u00bb.<\/p>\n<p>\u00ab\u00a0Le mot d&rsquo;ordre, c&rsquo;est de profiter des vacances pour amener un maximum de gens vers la vaccination, y compris en primo-injection\u00a0\u00bb, a-t-on indiqu\u00e9 au minist\u00e8re. (AFP)<\/p>\n","protected":false},"excerpt":{"rendered":"<p>Variant Delta: le gouvernement entend \u00ab\u00a0ne pas baisser les bras\u00a0\u00bb face \u00e0 la menace du tr\u00e8s contagieux variant Delta et maintenir la pression sur la vaccination, sachant que le cap de la moiti\u00e9 de Fran\u00e7ais vaccin\u00e9s en premi\u00e8re dose contre le Covid-19 a \u00e9t\u00e9 franchi mardi. Le variant Delta (anciennement dit \u00ab\u00a0indien\u00a0\u00bb) progresse et repr\u00e9sente [&hellip;]<\/p>\n","protected":false},"author":1,"featured_media":9905,"comment_status":"open","ping_status":"closed","sticky":false,"template":"","format":"standard","meta":{"footnotes":""},"categories":[6],"tags":[1214,1244,1349,1927],"class_list":["post-9904","post","type-post","status-publish","format-standard","has-post-thumbnail","hentry","category-technologie","tag-covid-19","tag-vaccin","tag-vaccination","tag-variant-delta"],"aioseo_notices":[],"_links":{"self":[{"href":"https:\/\/www.culturalusa.com\/news\/wp-json\/wp\/v2\/posts\/9904","targetHints":{"allow":["GET"]}}],"collection":[{"href":"https:\/\/www.culturalusa.com\/news\/wp-json\/wp\/v2\/posts"}],"about":[{"href":"https:\/\/www.culturalusa.com\/news\/wp-json\/wp\/v2\/types\/post"}],"author":[{"embeddable":true,"href":"https:\/\/www.culturalusa.com\/news\/wp-json\/wp\/v2\/users\/1"}],"replies":[{"embeddable":true,"href":"https:\/\/www.culturalusa.com\/news\/wp-json\/wp\/v2\/comments?post=9904"}],"version-history":[{"count":0,"href":"https:\/\/www.culturalusa.com\/news\/wp-json\/wp\/v2\/posts\/9904\/revisions"}],"wp:featuredmedia":[{"embeddable":true,"href":"https:\/\/www.culturalusa.com\/news\/wp-json\/wp\/v2\/media\/9905"}],"wp:attachment":[{"href":"https:\/\/www.culturalusa.com\/news\/wp-json\/wp\/v2\/media?parent=9904"}],"wp:term":[{"taxonomy":"category","embeddable":true,"href":"https:\/\/www.culturalusa.com\/news\/wp-json\/wp\/v2\/categories?post=9904"},{"taxonomy":"post_tag","embeddable":true,"href":"https:\/\/www.culturalusa.com\/news\/wp-json\/wp\/v2\/tags?post=9904"}],"curies":[{"name":"wp","href":"https:\/\/api.w.org\/{rel}","templated":true}]}}