{"id":9911,"date":"2021-07-01T21:03:52","date_gmt":"2021-07-01T19:03:52","guid":{"rendered":"https:\/\/www.culturalusa.com\/news\/?p=9911"},"modified":"2021-07-01T21:06:46","modified_gmt":"2021-07-01T19:06:46","slug":"covid-variant-delta-risque-de-nouvelle-vague-en-europe-dont-afrique-et-asie-en-danger","status":"publish","type":"post","link":"https:\/\/www.culturalusa.com\/news\/actualite\/covid-variant-delta-risque-de-nouvelle-vague-en-europe-dont-afrique-et-asie-en-danger\/","title":{"rendered":"Covid variant Delta: risque de nouvelle vague en Europe, dont Afrique et Asie en danger"},"content":{"rendered":"<p><strong>L&rsquo;OMS a averti d&rsquo;un risque de nouvelle vague de la pand\u00e9mie port\u00e9e par le variant Delta en Europe<\/strong>, au moment m\u00eame o\u00f9 celle-ci lance son pass sanitaire dans l&rsquo;espoir de relancer le tourisme, tandis que le nombre des cas augmente \u00e0 \u00ab\u00a0un rythme alarmant\u00a0\u00bb en Afrique.<\/p>\n<blockquote><p>Alors que plusieurs pays d&rsquo;Europe semblaient voir le bout du tunnel et levaient progressivement leurs mesures sanitaires, la branche europ\u00e9enne de l&rsquo;Organisation mondiale de la sant\u00e9 (OMS) a fait savoir que le nombre des cas de Covid-19 s&rsquo;\u00e9tait accru de 10% la semaine derni\u00e8re dans cette r\u00e9gion qui compte 53 territoires. Et ce \u00ab\u00a0en raison de l&rsquo;augmentation des brassages, des voyages, des rassemblements et de l&rsquo;assouplissement des restrictions sociales\u00a0\u00bb.<\/p><\/blockquote>\n<p>L&rsquo;Asie n&rsquo;est pas \u00e9pargn\u00e9e non plus : le Bangladesh est soumis depuis jeudi \u00e0 un confinement et des restrictions sont annonc\u00e9es pour samedi en Indon\u00e9sie, face \u00e0 une forte hausse des contaminations.<\/p>\n<p>Hans Kluge, le directeur de l&rsquo;OMS Europe, a fait \u00e9tat d'\u00a0\u00bbune situation qui \u00e9volue rapidement\u00a0\u00bb face \u00e0 \u00ab\u00a0un nouveau variant pr\u00e9occupant\u00a0\u00bb, le variant Delta initialement rep\u00e9r\u00e9 en Inde, sur \u00ab\u00a0un continent o\u00f9, malgr\u00e9 les efforts consid\u00e9rables des Etats membres, des millions de personnes ne sont toujours pas vaccin\u00e9es\u00a0\u00bb.<\/p>\n<p>\u00ab\u00a0Il y aura une nouvelle vague dans la r\u00e9gion europ\u00e9enne, sauf si nous restons disciplin\u00e9s\u00a0\u00bb, a-t-il pr\u00e9venu.<\/p>\n<p>L&rsquo;OMS Europe s&rsquo;attend \u00e0 ce que le variant Delta, particuli\u00e8rement contagieux, y devienne \u00ab\u00a0dominant\u00a0\u00bb d&rsquo;ici \u00e0 ao\u00fbt.<\/p>\n<h3>Le Portugal et la Russie en premi\u00e8re ligne<\/h3>\n<blockquote><p>Le Portugal, confront\u00e9 \u00e0 une reprise de l&rsquo;\u00e9pid\u00e9mie due \u00e0 ce variant, a d&rsquo;ores et d\u00e9j\u00e0 d\u00e9cid\u00e9 de r\u00e9tablir un couvre-feu nocturne \u00e0 partir de vendredi dans 45 communes dont Lisbonne.<\/p><\/blockquote>\n<p>Le ministre allemand de la Sant\u00e9, Jens Spahn, a de son c\u00f4t\u00e9 estim\u00e9 que le variant Delta repr\u00e9senterait d\u00e8s ce mois-ci \u00ab\u00a070% \u00e0 80%\u00a0\u00bb des infections dans son pays.<\/p>\n<p>L&rsquo;Agence europ\u00e9enne des m\u00e9dicaments (EMA) a cependant apport\u00e9 une note rassurante, annon\u00e7ant que deux doses de vaccin semblaient prot\u00e9ger contre ce variant.<\/p>\n<blockquote><p>En Russie, o\u00f9 l&rsquo;\u00e9pid\u00e9mie conna\u00eet aussi une flamb\u00e9e avec le variant Delta, le gouvernement a d\u00e9plor\u00e9 jeudi un nouveau pic de 672 morts dues au Covid-19 en 24 heures.<\/p><\/blockquote>\n<p>Parall\u00e8lement, en France, la pression monte pour obliger tous les soignants \u00e0 se faire vacciner contre le Covid-19.<\/p>\n<p>Ces pr\u00e9occupations pour l&rsquo;Europe s&rsquo;expriment dans le contexte de l&rsquo;entr\u00e9e en vigueur jeudi pour les voyageurs de l&rsquo;UE d&rsquo;un \u00ab\u00a0pass sanitaire\u00a0\u00bb, d\u00e9sormais indispensable en vue de se rendre dans 33 pays du continent.<\/p>\n<p>Les Canadiens, m\u00eame non vaccin\u00e9s, pourront par ailleurs \u00e0 nouveau, comme d\u00e9j\u00e0 les ressortissants de plusieurs autres Etats, entrer sur le territoire de l&rsquo;Union europ\u00e9enne.<\/p>\n<p>L&rsquo;OMS a en outre recommand\u00e9 que les villes-h\u00f4tes des derniers matches de l&rsquo;Euro de football assurent un meilleur suivi de la circulation des spectateurs, y compris avant leur arriv\u00e9e et apr\u00e8s leur d\u00e9part du stade.<\/p>\n<p>\u00ab\u00a0Nous avons besoin de regarder bien au-del\u00e0 des stades eux-m\u00eames\u00a0\u00bb, a soulign\u00e9 Catherine Smallwood, une responsable de la branche europ\u00e9enne de cette organisation internationale.<\/p>\n<h3>L&rsquo;Afrique en danger, inqui\u00e9tudes en Asie<\/h3>\n<p>La situation est aussi tr\u00e8s inqui\u00e9tante en Afrique, o\u00f9, a mis en garde l&rsquo;OMS, \u00ab\u00a0tous les records \u00e9tablis par les pics pr\u00e9c\u00e9dents\u00a0\u00bb ont \u00e9t\u00e9 battus.<\/p>\n<p>\u00ab\u00a0La vitesse de contamination et l&rsquo;ampleur de la troisi\u00e8me vague qui touche l&rsquo;Afrique ne ressemblent en rien \u00e0 ce que nous avons connu jusqu&rsquo;\u00e0 pr\u00e9sent. La propagation galopante de variants plus contagieux modifie consid\u00e9rablement la nature de la menace qui p\u00e8se sur l&rsquo;Afrique\u00a0\u00bb, a d\u00e9clar\u00e9 le Dr Matshidiso Moeti, la directrice r\u00e9gionale de l&rsquo;OMS pour l&rsquo;Afrique.<\/p>\n<p>\u00ab\u00a0Il faut donc que nous agissions, d\u00e8s \u00e0 pr\u00e9sent, pour renforcer les mesures de pr\u00e9vention et \u00e9viter qu&rsquo;une situation d&rsquo;urgence ne se transforme en trag\u00e9die\u00a0\u00bb, a-t-elle ajout\u00e9.<\/p>\n<h3>L&rsquo;Asie n&rsquo;est pas en reste<\/h3>\n<p>Le Bangladesh, o\u00f9 le gouvernement a enregistr\u00e9 une hausse \u00ab\u00a0inqui\u00e9tante et dangereuse\u00a0\u00bb, imput\u00e9e au variant Delta, du nombre des cas, est entr\u00e9 jeudi dans un confinement strict d&rsquo;une semaine.<\/p>\n<p>L&rsquo;arm\u00e9e a \u00e9t\u00e9 d\u00e9ploy\u00e9e pour le faire respecter, tandis que les h\u00f4pitaux sont d\u00e9bord\u00e9s, notamment dans les r\u00e9gions frontali\u00e8res de l&rsquo;Inde.<\/p>\n<p>En Indon\u00e9sie, dont le syst\u00e8me de sant\u00e9 est \u00e9galement proche de la rupture, le pr\u00e9sident Joko Widodo a annonc\u00e9 jeudi que des \u00ab\u00a0restrictions d&rsquo;urgence\u00a0\u00bb allaient \u00eatre impos\u00e9es.<\/p>\n<p>Celles-ci seront appliqu\u00e9es \u00e0 partir de samedi et jusqu&rsquo;au 20 juillet dans la capitale Jakarta, l&rsquo;\u00eele de Java et celle de Bali, les plus touch\u00e9es par l&rsquo;\u00e9pid\u00e9mie.<\/p>\n<p>Au Pakistan, o\u00f9 le gouvernement a conseill\u00e9 \u00e0 tous les fonctionnaires de se faire vacciner contre le coronavirus, 70 membres des forces paramilitaires ont \u00e9t\u00e9 suspendus sans solde pour avoir refus\u00e9 d&rsquo;obtemp\u00e9rer.<\/p>\n<p>Et la vaccination est d\u00e9sormais obligatoire au Kazakhstan pour la plupart des employ\u00e9s qui ont des contacts avec d&rsquo;autres personnes, apr\u00e8s la d\u00e9couverte de cas du variant Delta.<\/p>\n<p>En Tha\u00eflande, un pays qui tente de relancer son industrie du tourisme exsangue malgr\u00e9 une troisi\u00e8me vague \u00e9pid\u00e9mique, les premiers voyageurs internationaux sont arriv\u00e9s jeudi sur l&rsquo;\u00eele de Phuket.<\/p>\n<p>Le Covid-19 a fait pr\u00e8s de quatre millions de morts dans le monde depuis fin d\u00e9cembre 2019, selon un bilan \u00e9tabli par l&rsquo;AFP \u00e0 partir de sources officielles jeudi. (AFP)<\/p>\n","protected":false},"excerpt":{"rendered":"<p>L&rsquo;OMS a averti d&rsquo;un risque de nouvelle vague de la pand\u00e9mie port\u00e9e par le variant Delta en Europe, au moment m\u00eame o\u00f9 celle-ci lance son pass sanitaire dans l&rsquo;espoir de relancer le tourisme, tandis que le nombre des cas augmente \u00e0 \u00ab\u00a0un rythme alarmant\u00a0\u00bb en Afrique. Alors que plusieurs pays d&rsquo;Europe semblaient voir le bout [&hellip;]<\/p>\n","protected":false},"author":1,"featured_media":9250,"comment_status":"open","ping_status":"closed","sticky":false,"template":"","format":"standard","meta":{"footnotes":""},"categories":[30],"tags":[1833,1929,1928,85,1298,321,388,1349,1927],"class_list":["post-9911","post","type-post","status-publish","format-standard","has-post-thumbnail","hentry","category-actualite","tag-afrique","tag-asie","tag-covid","tag-europe","tag-oms","tag-portugal","tag-russie","tag-vaccination","tag-variant-delta"],"aioseo_notices":[],"_links":{"self":[{"href":"https:\/\/www.culturalusa.com\/news\/wp-json\/wp\/v2\/posts\/9911","targetHints":{"allow":["GET"]}}],"collection":[{"href":"https:\/\/www.culturalusa.com\/news\/wp-json\/wp\/v2\/posts"}],"about":[{"href":"https:\/\/www.culturalusa.com\/news\/wp-json\/wp\/v2\/types\/post"}],"author":[{"embeddable":true,"href":"https:\/\/www.culturalusa.com\/news\/wp-json\/wp\/v2\/users\/1"}],"replies":[{"embeddable":true,"href":"https:\/\/www.culturalusa.com\/news\/wp-json\/wp\/v2\/comments?post=9911"}],"version-history":[{"count":0,"href":"https:\/\/www.culturalusa.com\/news\/wp-json\/wp\/v2\/posts\/9911\/revisions"}],"wp:featuredmedia":[{"embeddable":true,"href":"https:\/\/www.culturalusa.com\/news\/wp-json\/wp\/v2\/media\/9250"}],"wp:attachment":[{"href":"https:\/\/www.culturalusa.com\/news\/wp-json\/wp\/v2\/media?parent=9911"}],"wp:term":[{"taxonomy":"category","embeddable":true,"href":"https:\/\/www.culturalusa.com\/news\/wp-json\/wp\/v2\/categories?post=9911"},{"taxonomy":"post_tag","embeddable":true,"href":"https:\/\/www.culturalusa.com\/news\/wp-json\/wp\/v2\/tags?post=9911"}],"curies":[{"name":"wp","href":"https:\/\/api.w.org\/{rel}","templated":true}]}}