{"id":9924,"date":"2021-07-05T16:58:33","date_gmt":"2021-07-05T14:58:33","guid":{"rendered":"https:\/\/www.culturalusa.com\/news\/?p=9924"},"modified":"2021-07-05T17:00:44","modified_gmt":"2021-07-05T15:00:44","slug":"coronavirus-londres-leve-les-dernieres-restrictions-et-appelle-a-vivre-avec-le-virus","status":"publish","type":"post","link":"https:\/\/www.culturalusa.com\/news\/monde\/coronavirus-londres-leve-les-dernieres-restrictions-et-appelle-a-vivre-avec-le-virus\/","title":{"rendered":"Coronavirus: Londres l\u00e8ve les derni\u00e8res restrictions et appelle \u00e0 \u00ab\u00a0vivre avec le virus\u00a0\u00bb"},"content":{"rendered":"<p><strong>Le Royaume-Uni, appelant les Britanniques \u00e0 \u00ab\u00a0apprendre \u00e0 vivre\u00a0\u00bb prudemment avec le coronavirus, comme \u00ab\u00a0avec la grippe\u00a0\u00bb<\/strong>, le Premier ministre Boris Johnson pr\u00e9sente lundi ses projets pour lever l&rsquo;essentiel des derni\u00e8res restrictions sanitaires en Angleterre dans deux semaines.<\/p>\n<blockquote><p>Le chef du gouvernement conservateur doit donner une conf\u00e9rence de presse, et son nouveau ministre de la Sant\u00e9 Sajid Javid s&rsquo;exprimer devant les d\u00e9put\u00e9s pour d\u00e9tailler ces mesures, dont celle controvers\u00e9e d&rsquo;abandonner le port obligatoire du masque \u00e0 l&rsquo;int\u00e9rieur des lieux publics, malgr\u00e9 une envol\u00e9e des contaminations attribu\u00e9es au variant Delta.<\/p><\/blockquote>\n<p>\u00ab\u00a0Aujourd&rsquo;hui nous allons pr\u00e9senter la mani\u00e8re dont nous allons restaurer les libert\u00e9s\u00a0\u00bb, a d\u00e9clar\u00e9 Boris Johnson dans un communiqu\u00e9, mettant en exergue une campagne de vaccination \u00ab\u00a0r\u00e9ussie\u00a0\u00bb.<\/p>\n<h3>Apprendre \u00e0 vivre avec le virus, appel \u00e0 la prudence<\/h3>\n<p>Il a toutefois appel\u00e9 \u00e0 la prudence, soulignant que la pand\u00e9mie n&rsquo;\u00e9tait \u00ab\u00a0pas termin\u00e9e\u00a0\u00bb et que la population allait devoir \u00ab\u00a0apprendre \u00e0 vivre avec le virus\u00a0\u00bb et faire preuve de \u00ab\u00a0discernement\u00a0\u00bb.<\/p>\n<p>Initialement pr\u00e9vue le 21 juin, la lev\u00e9e des derni\u00e8res restrictions avait \u00e9t\u00e9 repouss\u00e9e d&rsquo;un mois, au 19 juillet, en raison de la flamb\u00e9e du variant Delta, beaucoup plus contagieux. Ce variant, initialement d\u00e9tect\u00e9 en Inde, repr\u00e9sente d\u00e9sormais la quasi-totalit\u00e9 des nouveaux cas au Royaume-Uni. Les contaminations quotidiennes se sont rapproch\u00e9es des 30.000 ces derniers jours.<\/p>\n<blockquote><p>Pays en Europe comptant le plus de personnes tu\u00e9es par la pand\u00e9mie (128.000) apr\u00e8s la Russie, le Royaume-Uni et ses 66 millions d&rsquo;habitants sont progressivement sortis d&rsquo;un troisi\u00e8me confinement hivernal, avec la r\u00e9ouverture des restaurants, des commerces non essentiels et des lieux culturels.<\/p><\/blockquote>\n<p>Mais certaines restrictions demeurent, comme le t\u00e9l\u00e9travail, la fermeture des discoth\u00e8ques, ou l&rsquo;interdiction des grands \u00e9v\u00e9nements \u00e0 pleine capacit\u00e9 ou du service au bar dans les pubs.<\/p>\n<p>Selon Downing Street, les derni\u00e8res donn\u00e9es indiquent que les contaminations vont continuer \u00e0 augmenter \u00e0 mesure que les restrictions sont lev\u00e9es, \u00ab\u00a0mais le lien avec les hospitalisations et les d\u00e9c\u00e8s est affaibli\u00a0\u00bb gr\u00e2ce \u00e0 la vaccination.<\/p>\n<h3>64% de la population adulte totalement vaccin\u00e9e<\/h3>\n<p>Lanc\u00e9e d\u00e9but d\u00e9cembre, la campagne a permis d&rsquo;administrer deux doses \u00e0 pr\u00e8s de 64% de la population adulte, et une dose \u00e0 86%.<\/p>\n<p>Le gouvernement a d\u00e9j\u00e0 l\u00e2ch\u00e9 la bride pour les rassemblements de masse afin de permettre \u00e0 60.000 fans d&rsquo;assister cette semaine aux demi-finales et \u00e0 la finale de l&rsquo;Euro 2020 de football au stade londonien de Wembley, une d\u00e9cision contest\u00e9e.<\/p>\n<p>Depuis plusieurs jours, il laissait entrevoir qu&rsquo;il entendait faire largement appel au jugement des Britanniques.<\/p>\n<p>\u00ab\u00a0Je ne suis pas fan d&rsquo;en porter un si je ne dois pas\u00a0\u00bb, a d\u00e9clar\u00e9 \u00e0 propos du masque la secr\u00e9taire d\u2019\u00c9tat charg\u00e9e de la Protection sociale, Helen Whately, sur Times Radio lundi. Elle a soulign\u00e9 que l&rsquo;ex\u00e9cutif privil\u00e9gierait une approche bas\u00e9e sur \u00ab\u00a0la responsabilit\u00e9 individuelle\u00a0\u00bb et le \u00ab\u00a0bon sens\u00a0\u00bb.<\/p>\n<h3>Strat\u00e9gie critiqu\u00e9e<\/h3>\n<p>Cette strat\u00e9gie est vertement critiqu\u00e9e par certains universitaires qui conseillent l&rsquo;ex\u00e9cutif.<\/p>\n<p>Ainsi, Stephen Reicher, professeur de psychologie sociale \u00e0 l&rsquo;universit\u00e9 de Saint Andrews, a jug\u00e9 \u00ab\u00a0effrayant d&rsquo;avoir un ministre de la &lsquo;Sant\u00e9&rsquo; qui veut faire de toutes les protections une question de choix personnel quand le message cl\u00e9 de la pand\u00e9mie n&rsquo;est pas une question de &lsquo;je&rsquo; mais de &lsquo;nous&rsquo;. Votre comportement affecte ma sant\u00e9\u00a0\u00bb.<\/p>\n<p>Pour la Pr Susan Michie, sp\u00e9cialiste du comportement \u00e0 l&rsquo;University College de Londres, le choix de laisser filer les contaminations revient \u00e0 \u00ab\u00a0construire de nouvelles &lsquo;usines \u00e0 variant&rsquo; \u00e0 un rythme tr\u00e8s \u00e9lev\u00e9\u00a0\u00bb.<\/p>\n<p>Durant le week-end, la British Medical Association a appel\u00e9 le gouvernement \u00e0 maintenir certaines restrictions en place en raison de l&rsquo;augmentation \u00ab\u00a0alarmante\u00a0\u00bb du nombre de cas.<\/p>\n<p>Le syndicat Unite, qui repr\u00e9sente des dizaines de milliers de travailleurs dans les transports publics, a demand\u00e9 lundi que le port du masque y reste obligatoire.<\/p>\n<p>Selon la presse, le gouvernement devrait se prononcer aussi cette semaine sur la lev\u00e9e de la quarantaine obligatoire pour les Britanniques totalement vaccin\u00e9s revenant d&rsquo;un pays class\u00e9 \u00ab\u00a0orange\u00a0\u00bb, dont de grandes destinations touristiques europ\u00e9ennes comme la France, l&rsquo;Italie ou l&rsquo;Espagne.<\/p>\n<p>Au Royaume-Uni, chaque province d\u00e9cide de son propre calendrier face \u00e0 la crise sanitaire. L\u2019\u00c9cosse, le Pays de Galles et l&rsquo;Irlande ont opt\u00e9 pour une lev\u00e9e plus lente des restrictions.<\/p>\n","protected":false},"excerpt":{"rendered":"<p>Le Royaume-Uni, appelant les Britanniques \u00e0 \u00ab\u00a0apprendre \u00e0 vivre\u00a0\u00bb prudemment avec le coronavirus, comme \u00ab\u00a0avec la grippe\u00a0\u00bb, le Premier ministre Boris Johnson pr\u00e9sente lundi ses projets pour lever l&rsquo;essentiel des derni\u00e8res restrictions sanitaires en Angleterre dans deux semaines. Le chef du gouvernement conservateur doit donner une conf\u00e9rence de presse, et son nouveau ministre de la [&hellip;]<\/p>\n","protected":false},"author":1,"featured_media":9925,"comment_status":"open","ping_status":"closed","sticky":false,"template":"","format":"standard","meta":{"footnotes":""},"categories":[1372],"tags":[1180,1157,453,1623,1933],"class_list":["post-9924","post","type-post","status-publish","format-standard","has-post-thumbnail","hentry","category-monde","tag-coronavirus","tag-londres","tag-royaume-uni","tag-virus","tag-vivre-avec-le-virus"],"aioseo_notices":[],"_links":{"self":[{"href":"https:\/\/www.culturalusa.com\/news\/wp-json\/wp\/v2\/posts\/9924","targetHints":{"allow":["GET"]}}],"collection":[{"href":"https:\/\/www.culturalusa.com\/news\/wp-json\/wp\/v2\/posts"}],"about":[{"href":"https:\/\/www.culturalusa.com\/news\/wp-json\/wp\/v2\/types\/post"}],"author":[{"embeddable":true,"href":"https:\/\/www.culturalusa.com\/news\/wp-json\/wp\/v2\/users\/1"}],"replies":[{"embeddable":true,"href":"https:\/\/www.culturalusa.com\/news\/wp-json\/wp\/v2\/comments?post=9924"}],"version-history":[{"count":0,"href":"https:\/\/www.culturalusa.com\/news\/wp-json\/wp\/v2\/posts\/9924\/revisions"}],"wp:featuredmedia":[{"embeddable":true,"href":"https:\/\/www.culturalusa.com\/news\/wp-json\/wp\/v2\/media\/9925"}],"wp:attachment":[{"href":"https:\/\/www.culturalusa.com\/news\/wp-json\/wp\/v2\/media?parent=9924"}],"wp:term":[{"taxonomy":"category","embeddable":true,"href":"https:\/\/www.culturalusa.com\/news\/wp-json\/wp\/v2\/categories?post=9924"},{"taxonomy":"post_tag","embeddable":true,"href":"https:\/\/www.culturalusa.com\/news\/wp-json\/wp\/v2\/tags?post=9924"}],"curies":[{"name":"wp","href":"https:\/\/api.w.org\/{rel}","templated":true}]}}