{"id":9936,"date":"2021-07-08T19:05:28","date_gmt":"2021-07-08T17:05:28","guid":{"rendered":"https:\/\/www.culturalusa.com\/news\/?p=9936"},"modified":"2021-07-08T19:05:28","modified_gmt":"2021-07-08T17:05:28","slug":"les-vacances-au-portugal-et-en-espagne-sont-deconseillees-a-cause-du-variant-delta","status":"publish","type":"post","link":"https:\/\/www.culturalusa.com\/news\/actualite\/les-vacances-au-portugal-et-en-espagne-sont-deconseillees-a-cause-du-variant-delta\/","title":{"rendered":"Les vacances au Portugal et en Espagne sont d\u00e9conseill\u00e9es, \u00e0 cause du variant Delta"},"content":{"rendered":"<p>Le gouvernement demande aux Fran\u00e7ais d&rsquo;\u00e9viter le Portugal et l&rsquo;Espagne, qui font face \u00e0 une flamb\u00e9e des cas de coronavirus due au variant Delta.<\/p>\n<blockquote><p>Le secr\u00e9taire d&rsquo;Etat charg\u00e9 des <span style=\"color: #800000;\">Affaires Europ\u00e9ennes<\/span>, demande aux Fran\u00e7ais de ne pas se rendre en Espagne et au Portugal face \u00e0 la propagation du variant Delta en France et en vue des nouvelles mesures sanitaires que s&rsquo;appr\u00eate \u00e0 prendre le gouvernement.<\/p><\/blockquote>\n<h3>Le variant Delta du Coronavirus continue de progresser en France comme ailleurs en Europe. Et un peu partout \u00e9galement, la vaccination n&rsquo;est pas encore assez importante pour contrer sa propagation.<\/h3>\n<p>\u00c0 tel point que la crainte d&rsquo;une quatri\u00e8me vague est de plus en plus importante. Et ce en plein milieu de l&rsquo;\u00e9t\u00e9, particuli\u00e8rement propice aux d\u00e9placements nationaux et internationaux.<\/p>\n<p>Si la France n&rsquo;a pas, pour le moment, pris de nouvelles mesures sanitaires, d&rsquo;autres pays commencent \u00e0 le faire. C&rsquo;est notamment le cas en Espagne, destination pris\u00e9e des Fran\u00e7ais, notamment ceux du sud de la France.<\/p>\n<p>La Catalogne vient de resserrer la vis, notamment vis-\u00e0-vis des jeunes et des loisirs pour contrer une \u00ab\u00a0\u00e9volution exponentielle\u00a0\u00bb du variant Delta.<\/p>\n<p>Au Portugal, un couvre-feu a \u00e9t\u00e9 r\u00e9instaur\u00e9 dans 45 villes, dont Lisbonne et Porto.<br \/>\nS&rsquo;il est en vigueur de 23 h \u00e0 5 h la semaine, il d\u00e9marre d\u00e8s 15 h 30 le week-end, avec une fermeture des commerces non alimentaires, des restaurants, caf\u00e9s, p\u00e2tisseries&#8230;<\/p>\n<p>Une situation qui pousse le gouvernement fran\u00e7ais \u00e0 inciter ses citoyens \u00e0 ne pas se rendre dans ces pays.<\/p>\n<p>\u00ab\u00a0Pour ceux qui n&rsquo;ont pas encore r\u00e9serv\u00e9 leurs vacances, \u00e9vitez l&rsquo;Espagne, le Portugal dans vos destinations\u00a0\u00bb a lanc\u00e9, jeudi matin, le secr\u00e9taire d&rsquo;Etat charg\u00e9 des Affaires europ\u00e9ennes, Cl\u00e9ment Beaune, dans la matinale de France 2. Cl\u00e9ment Beaune a \u00e9mis ce \u00ab\u00a0conseil de prudence\u00a0\u00bb aux Fran\u00e7ais. \u00ab\u00a0On va le d\u00e9cider dans les prochains jours mais nous pourrions prendre des mesures renforc\u00e9es\u00a0\u00bb, a-t-il averti.<\/p>\n<p>En effet, comme l&rsquo;a rappel\u00e9 le membre du gouvernement, \u00ab\u00a0de mani\u00e8re g\u00e9n\u00e9rale, la pand\u00e9mie n&rsquo;est pas finie\u00a0\u00bb. La situation dans certains pays, dont la Gr\u00e8ce, le Portugal et l&rsquo;Espagne, est suivie de pr\u00e8s, a-t-il indiqu\u00e9. Et d&rsquo;ajouter : \u00ab\u00a0Il vaut mieux rester en France ou aller dans d\u2019autres pays. L\u00e0 on a une situation particuli\u00e8rement pr\u00e9occupante, notamment au Portugal o\u00f9 ils prennent, heureusement, des mesures\u00a0\u00bb.<\/p>\n","protected":false},"excerpt":{"rendered":"<p>Le gouvernement demande aux Fran\u00e7ais d&rsquo;\u00e9viter le Portugal et l&rsquo;Espagne, qui font face \u00e0 une flamb\u00e9e des cas de coronavirus due au variant Delta. Le secr\u00e9taire d&rsquo;Etat charg\u00e9 des Affaires Europ\u00e9ennes, demande aux Fran\u00e7ais de ne pas se rendre en Espagne et au Portugal face \u00e0 la propagation du variant Delta en France et en [&hellip;]<\/p>\n","protected":false},"author":1,"featured_media":9937,"comment_status":"open","ping_status":"closed","sticky":false,"template":"","format":"standard","meta":{"footnotes":""},"categories":[30],"tags":[1211,1941,1942,1927],"class_list":["post-9936","post","type-post","status-publish","format-standard","has-post-thumbnail","hentry","category-actualite","tag-pandemie","tag-vacances-au-portugal","tag-vacances-en-espagne","tag-variant-delta"],"aioseo_notices":[],"_links":{"self":[{"href":"https:\/\/www.culturalusa.com\/news\/wp-json\/wp\/v2\/posts\/9936","targetHints":{"allow":["GET"]}}],"collection":[{"href":"https:\/\/www.culturalusa.com\/news\/wp-json\/wp\/v2\/posts"}],"about":[{"href":"https:\/\/www.culturalusa.com\/news\/wp-json\/wp\/v2\/types\/post"}],"author":[{"embeddable":true,"href":"https:\/\/www.culturalusa.com\/news\/wp-json\/wp\/v2\/users\/1"}],"replies":[{"embeddable":true,"href":"https:\/\/www.culturalusa.com\/news\/wp-json\/wp\/v2\/comments?post=9936"}],"version-history":[{"count":0,"href":"https:\/\/www.culturalusa.com\/news\/wp-json\/wp\/v2\/posts\/9936\/revisions"}],"wp:featuredmedia":[{"embeddable":true,"href":"https:\/\/www.culturalusa.com\/news\/wp-json\/wp\/v2\/media\/9937"}],"wp:attachment":[{"href":"https:\/\/www.culturalusa.com\/news\/wp-json\/wp\/v2\/media?parent=9936"}],"wp:term":[{"taxonomy":"category","embeddable":true,"href":"https:\/\/www.culturalusa.com\/news\/wp-json\/wp\/v2\/categories?post=9936"},{"taxonomy":"post_tag","embeddable":true,"href":"https:\/\/www.culturalusa.com\/news\/wp-json\/wp\/v2\/tags?post=9936"}],"curies":[{"name":"wp","href":"https:\/\/api.w.org\/{rel}","templated":true}]}}