{"id":9967,"date":"2021-07-15T14:41:08","date_gmt":"2021-07-15T12:41:08","guid":{"rendered":"https:\/\/www.culturalusa.com\/news\/?p=9967"},"modified":"2021-07-15T14:44:27","modified_gmt":"2021-07-15T12:44:27","slug":"banque-de-france-le-pass-sanitaire-ne-menace-pas-la-croissance","status":"publish","type":"post","link":"https:\/\/www.culturalusa.com\/news\/economie\/banque-de-france-le-pass-sanitaire-ne-menace-pas-la-croissance\/","title":{"rendered":"Banque de France: le pass sanitaire ne menace pas la croissance"},"content":{"rendered":"<p>La g\u00e9n\u00e9ralisation cet \u00e9t\u00e9 en France du <strong>pass sanitaire<\/strong> ne menace pas la croissance, malgr\u00e9 les inqui\u00e9tudes de nombre de commer\u00e7ants sur une moindre fr\u00e9quentation, a estim\u00e9 le gouverneur de la Banque de France, Fran\u00e7ois Villeroy de Galhau.<\/p>\n<h3>\u00ab\u00a0L&rsquo;extension du pass sanitaire, si elle entra\u00eene une extension de la vaccination, devrait m\u00eame plut\u00f4t consolider la croissance\u00a0\u00bb, a d\u00e9clar\u00e9 le gouverneur sur France Info.<\/h3>\n<p>Le <strong>pass sanitaire<\/strong>, qui vise \u00e0 attester qu&rsquo;une personne n&rsquo;est pas atteinte du Covid-19, <strong>va devenir obligatoire d&rsquo;ici \u00e0 d\u00e9but ao\u00fbt<\/strong> pour entrer dans de tr\u00e8s nombreux lieux: <span style=\"color: #800000;\">restaurants, cin\u00e9mas, centres commerciaux, transports de longue distance<\/span>&#8230;<\/p>\n<p>Mais plusieurs organisations professionnelles s&rsquo;inqui\u00e8tent des effets de cette mesure, qui vise explicitement \u00e0 encourager la <strong>vaccination<\/strong>. Elles craignent une baisse de leur fr\u00e9quentation.<\/p>\n<blockquote><p>\u00ab\u00a0C&rsquo;est l&rsquo;int\u00e9r\u00eat de (&#8230;) tous les secteurs d&rsquo;aller le plus possible vers la vaccination\u00a0\u00bb, a r\u00e9pondu M. Villeroy de Galhau. \u00ab\u00a0La vaccination, c&rsquo;est la meilleure protection non seulement de nos sant\u00e9s mais aussi de nos emplois\u00a0\u00bb.<\/p><\/blockquote>\n<p>Le gouverneur a \u00e9galement minimis\u00e9 les inqui\u00e9tudes quant aux cons\u00e9quences \u00e9conomiques d&rsquo;une nouvelle vague de contaminations issues du variant Delta, plus contagieux que les pr\u00e9c\u00e9dentes souches.<\/p>\n<p>\u00ab\u00a0Quand on regarde dans les trimestres pass\u00e9s, chacune des vagues a eu de moins en moins d&rsquo;effets \u00e9conomiques n\u00e9gatifs\u00a0\u00bb, a-t-il not\u00e9, alors que les contaminations repartent nettement en hausse depuis une semaine.<\/p>\n<h3>\u00ab\u00a0Le <strong>variant Delta<\/strong> n&rsquo;est pas la principale menace\u00a0\u00bb pour l&rsquo;\u00e9conomie, a-t-il estim\u00e9, mettant plut\u00f4t l&rsquo;accent sur les difficult\u00e9s des entreprises fran\u00e7aises \u00e0 pourvoir des postes vacants.<\/h3>\n<p>La Banque de France a d\u00e9j\u00e0 exprim\u00e9 ses craintes sur ces difficult\u00e9s de recrutement, \u00e9voqu\u00e9es par pr\u00e8s de la moiti\u00e9 des entreprises interrog\u00e9es par l&rsquo;institution.<\/p>\n<p>Cette situation est \u00ab\u00a0inacceptable \u00e9conomiquement et socialement\u00a0\u00bb au vu d&rsquo;un taux de ch\u00f4mage toujours \u00e9lev\u00e9 \u00e0 quelque 8%, a regrett\u00e9 M. Villeroy de Galhau.<\/p>\n","protected":false},"excerpt":{"rendered":"<p>La g\u00e9n\u00e9ralisation cet \u00e9t\u00e9 en France du pass sanitaire ne menace pas la croissance, malgr\u00e9 les inqui\u00e9tudes de nombre de commer\u00e7ants sur une moindre fr\u00e9quentation, a estim\u00e9 le gouverneur de la Banque de France, Fran\u00e7ois Villeroy de Galhau. \u00ab\u00a0L&rsquo;extension du pass sanitaire, si elle entra\u00eene une extension de la vaccination, devrait m\u00eame plut\u00f4t consolider la [&hellip;]<\/p>\n","protected":false},"author":1,"featured_media":9310,"comment_status":"open","ping_status":"closed","sticky":false,"template":"","format":"standard","meta":{"footnotes":""},"categories":[1],"tags":[1721,1703,1949,1349,1927],"class_list":["post-9967","post","type-post","status-publish","format-standard","has-post-thumbnail","hentry","category-economie","tag-economie-francaise","tag-banque-de-france","tag-pass-sanitaire","tag-vaccination","tag-variant-delta"],"aioseo_notices":[],"_links":{"self":[{"href":"https:\/\/www.culturalusa.com\/news\/wp-json\/wp\/v2\/posts\/9967","targetHints":{"allow":["GET"]}}],"collection":[{"href":"https:\/\/www.culturalusa.com\/news\/wp-json\/wp\/v2\/posts"}],"about":[{"href":"https:\/\/www.culturalusa.com\/news\/wp-json\/wp\/v2\/types\/post"}],"author":[{"embeddable":true,"href":"https:\/\/www.culturalusa.com\/news\/wp-json\/wp\/v2\/users\/1"}],"replies":[{"embeddable":true,"href":"https:\/\/www.culturalusa.com\/news\/wp-json\/wp\/v2\/comments?post=9967"}],"version-history":[{"count":0,"href":"https:\/\/www.culturalusa.com\/news\/wp-json\/wp\/v2\/posts\/9967\/revisions"}],"wp:featuredmedia":[{"embeddable":true,"href":"https:\/\/www.culturalusa.com\/news\/wp-json\/wp\/v2\/media\/9310"}],"wp:attachment":[{"href":"https:\/\/www.culturalusa.com\/news\/wp-json\/wp\/v2\/media?parent=9967"}],"wp:term":[{"taxonomy":"category","embeddable":true,"href":"https:\/\/www.culturalusa.com\/news\/wp-json\/wp\/v2\/categories?post=9967"},{"taxonomy":"post_tag","embeddable":true,"href":"https:\/\/www.culturalusa.com\/news\/wp-json\/wp\/v2\/tags?post=9967"}],"curies":[{"name":"wp","href":"https:\/\/api.w.org\/{rel}","templated":true}]}}