{"id":9971,"date":"2021-07-18T12:16:16","date_gmt":"2021-07-18T10:16:16","guid":{"rendered":"https:\/\/www.culturalusa.com\/news\/?p=9971"},"modified":"2021-07-18T12:16:16","modified_gmt":"2021-07-18T10:16:16","slug":"pass-sanitaire-seuls-les-grands-centres-commerciaux-seront-concernes","status":"publish","type":"post","link":"https:\/\/www.culturalusa.com\/news\/actualite\/pass-sanitaire-seuls-les-grands-centres-commerciaux-seront-concernes\/","title":{"rendered":"Pass sanitaire: seuls les grands centres commerciaux seront concern\u00e9s"},"content":{"rendered":"<p>Selon Bruno Le Maire, <strong>seuls les centres commerciaux d&rsquo;une superficie sup\u00e9rieure \u00e0 20.000 m\u00e8tres carr\u00e9s devraient \u00eatre concern\u00e9s par l&rsquo;obligation de contr\u00f4ler le pass sanitaire<\/strong> \u00e0 partir de d\u00e9but ao\u00fbt, a annonc\u00e9 le ministre de l&rsquo;Economie <strong>Bruno Le Maire<\/strong> dans le Journal du Dimanche.<\/p>\n<blockquote><p>\u00ab\u00a0Les chefs d&rsquo;entreprise ont des inqui\u00e9tudes, je souhaite les rassurer\u2009: nous ferons preuve de compr\u00e9hension. Nous proposons ainsi que seuls les plus grands centres commerciaux, d&rsquo;une superficie sup\u00e9rieure \u00e0 20.000\u202fm\u00e8tres carr\u00e9s, soient concern\u00e9s\u00a0\u00bb, a indiqu\u00e9 le ministre.<\/p><\/blockquote>\n<p>\u00ab\u00a0Un consensus de la profession sur ce seuil est \u00e0 port\u00e9e de main\u00a0\u00bb, a-t-il relev\u00e9.<\/p>\n<p>Un projet de loi doit \u00eatre adopt\u00e9 en Conseil des ministres lundi, une semaine apr\u00e8s les annonces d&rsquo;Emmanuel Macron.<\/p>\n<p>Ce seuil \u00e9lev\u00e9 de 20.000 m\u00e8tres carr\u00e9s \u00e9tait celui sur lequel la profession tablait depuis plusieurs jours. C&rsquo;est le m\u00eame qui avait \u00e9t\u00e9 choisi en f\u00e9vrier, quand le gouvernement avait ferm\u00e9 les centres commerciaux non alimentaires de plus de 20.000 m\u00e8tres carr\u00e9s, soit environ 400 centres en France, un seuil qui avait \u00e9t\u00e9 abaiss\u00e9 le mois suivant \u00e0 10.000 m\u00e8tres carr\u00e9s dans les d\u00e9partements \u00e0 risque.<\/p>\n<p>Les centres commerciaux ont discut\u00e9 toute la semaine avec le gouvernement pour d\u00e9finir les modalit\u00e9s d&rsquo;application du pass sanitaire, et notamment de l&rsquo;endroit o\u00f9 il serait contr\u00f4l\u00e9.<\/p>\n<h3>\u00ab\u00a0Comment contr\u00f4ler, dans les magasins? A priori \u00e0 l&rsquo;entr\u00e9e du centre, encore une fois \u00e0 confirmer&#8230;\u00a0\u00bb, a avanc\u00e9 Jacques Creyssel, de la F\u00e9d\u00e9ration du Commerce et de la Distribution, sur BFM Business.<\/h3>\n<p>\u00ab\u00a0Le pass sanitaire ne devrait pas affecter le chiffre d&rsquo;affaires des secteurs concern\u00e9s, que nous continuons par ailleurs \u00e0 soutenir tout au long de l&rsquo;\u00e9t\u00e9 gr\u00e2ce au fonds de solidarit\u00e9. Pr\u00e9senter un QR code, \u00e7a ne prend que quelques secondes et \u00e7a pr\u00e9serve du risque de contamination\u00a0\u00bb, a poursuivi Bruno Le Maire dans le JDD.<\/p>\n<blockquote><p>Concernant les sanctions, \u00ab\u00a0il serait injuste que ceux qui respectent les r\u00e8gles et qui feront contr\u00f4ler le passe sanitaire \u00e0 l&rsquo;entr\u00e9e de leur \u00e9tablissement soient p\u00e9nalis\u00e9s par ceux qui ne respecteraient pas ces r\u00e8gles\u00a0\u00bb, a-t-il soulign\u00e9.<\/p><\/blockquote>\n<p>\u00ab\u00a0Les sanctions doivent \u00eatre dissuasives, elles ne doivent pas \u00eatre excessives. Ce sera aux parlementaires d&rsquo;en d\u00e9battre sur la base de la proposition du gouvernement et du projet de loi qui sera pr\u00e9sent\u00e9 demain en Conseil des ministres. Nous avons toujours indiqu\u00e9 avec clart\u00e9 que ceux qui ne respectent pas les r\u00e8gles ne seront plus \u00e9ligibles au fonds de solidarit\u00e9\u00a0\u00bb, a pr\u00e9cis\u00e9 le ministre de l&rsquo;Economie.<\/p>\n<h3>Le pass sanitaire sera \u00e9galement \u00e9tendu aux trains, aux bars et aux restaurants notamment.<\/h3>\n","protected":false},"excerpt":{"rendered":"<p>Selon Bruno Le Maire, seuls les centres commerciaux d&rsquo;une superficie sup\u00e9rieure \u00e0 20.000 m\u00e8tres carr\u00e9s devraient \u00eatre concern\u00e9s par l&rsquo;obligation de contr\u00f4ler le pass sanitaire \u00e0 partir de d\u00e9but ao\u00fbt, a annonc\u00e9 le ministre de l&rsquo;Economie Bruno Le Maire dans le Journal du Dimanche. \u00ab\u00a0Les chefs d&rsquo;entreprise ont des inqui\u00e9tudes, je souhaite les rassurer\u2009: nous [&hellip;]<\/p>\n","protected":false},"author":1,"featured_media":9972,"comment_status":"open","ping_status":"closed","sticky":false,"template":"","format":"standard","meta":{"footnotes":""},"categories":[30],"tags":[1247,903,1949],"class_list":["post-9971","post","type-post","status-publish","format-standard","has-post-thumbnail","hentry","category-actualite","tag-economie-france","tag-centres-commerciaux","tag-pass-sanitaire"],"aioseo_notices":[],"_links":{"self":[{"href":"https:\/\/www.culturalusa.com\/news\/wp-json\/wp\/v2\/posts\/9971","targetHints":{"allow":["GET"]}}],"collection":[{"href":"https:\/\/www.culturalusa.com\/news\/wp-json\/wp\/v2\/posts"}],"about":[{"href":"https:\/\/www.culturalusa.com\/news\/wp-json\/wp\/v2\/types\/post"}],"author":[{"embeddable":true,"href":"https:\/\/www.culturalusa.com\/news\/wp-json\/wp\/v2\/users\/1"}],"replies":[{"embeddable":true,"href":"https:\/\/www.culturalusa.com\/news\/wp-json\/wp\/v2\/comments?post=9971"}],"version-history":[{"count":0,"href":"https:\/\/www.culturalusa.com\/news\/wp-json\/wp\/v2\/posts\/9971\/revisions"}],"wp:featuredmedia":[{"embeddable":true,"href":"https:\/\/www.culturalusa.com\/news\/wp-json\/wp\/v2\/media\/9972"}],"wp:attachment":[{"href":"https:\/\/www.culturalusa.com\/news\/wp-json\/wp\/v2\/media?parent=9971"}],"wp:term":[{"taxonomy":"category","embeddable":true,"href":"https:\/\/www.culturalusa.com\/news\/wp-json\/wp\/v2\/categories?post=9971"},{"taxonomy":"post_tag","embeddable":true,"href":"https:\/\/www.culturalusa.com\/news\/wp-json\/wp\/v2\/tags?post=9971"}],"curies":[{"name":"wp","href":"https:\/\/api.w.org\/{rel}","templated":true}]}}