{"id":9974,"date":"2021-07-18T12:43:18","date_gmt":"2021-07-18T10:43:18","guid":{"rendered":"https:\/\/www.culturalusa.com\/news\/?p=9974"},"modified":"2021-07-18T12:51:32","modified_gmt":"2021-07-18T10:51:32","slug":"angela-merkel-au-chevet-des-victimes-des-inondations-meurtrieres-en-europe","status":"publish","type":"post","link":"https:\/\/www.culturalusa.com\/news\/monde\/angela-merkel-au-chevet-des-victimes-des-inondations-meurtrieres-en-europe\/","title":{"rendered":"Angela Merkel au chevet des victimes des inondations meurtri\u00e8res en Europe"},"content":{"rendered":"<p>Merkel se rend dimanche au chevet des survivants des <strong>inondations<\/strong> \u00ab\u00a0du si\u00e8cle\u00a0\u00bb, qui ont sem\u00e9 la d\u00e9solation en <strong>Allemagne<\/strong>, fait au moins <strong>170 morts<\/strong> dans ce pays et en <a href=\"https:\/\/www.culturalusa.com\/news\/belgique-news\/\"><strong>Belgique<\/strong><\/a>, et provoqu\u00e9 des d\u00e9g\u00e2ts consid\u00e9rables.<\/p>\n<p>Si la tendance est \u00e0 la d\u00e9crue dans la zone la plus sinistr\u00e9e, la situation se d\u00e9grade en revanche plus au Sud \u00e0 la fronti\u00e8re entre l&rsquo;Allemagne et l&rsquo;Autriche.<\/p>\n<p>En raison de fortes pluies localis\u00e9es, des crues sont signal\u00e9es dans cette zone et ont fait un mort c\u00f4t\u00e9 allemand, a indiqu\u00e9 la police locale dans la nuit de samedi \u00e0 dimanche.<\/p>\n<blockquote><p>Un \u00ab\u00a0plan catastrophe\u00a0\u00bb a \u00e9t\u00e9 d\u00e9cr\u00e9t\u00e9 dans le district allemand de Berchtesgaden et plusieurs centaines de pompiers sont d\u00e9ploy\u00e9s.<\/p><\/blockquote>\n<p>En Autriche, la vielle ville de Hallein est inond\u00e9e et les pompiers en \u00e9tat d&rsquo;alerte dans les r\u00e9gion de Salzbourg et du Tyrol.<\/p>\n<p>C&rsquo;est dans ce contexte toujours tendu que la chanceli\u00e8re a pr\u00e9vu de rencontrer les habitants de Schuld en Rh\u00e9nanie-Palatinat (ouest), un village qualifi\u00e9 de \u00ab\u00a0martyr\u00a0\u00bb: tout ou presque y a \u00e9t\u00e9 d\u00e9truit par les crues du milieu de semaine.<\/p>\n<p>Alors que les secouristes continuent de chercher des dizaines de personnes toujours disparues dans le pays et en Belgique, elle devrait promettre l&rsquo;aide de l&rsquo;Etat \u00e0 la reconstruction.<\/p>\n<p>Un plan d&rsquo;aide gouvernemental de probablement plusieurs milliards d&rsquo;euros est en pr\u00e9paration.<\/p>\n<h3>Catastrophe<\/h3>\n<blockquote><p>L&rsquo;Union europ\u00e9enne a aussi assur\u00e9 de son soutien face \u00e0 ces intemp\u00e9ries, qui ont affect\u00e9 en outre les <span style=\"color: #800000;\">Pays-Bas<\/span>, le <span style=\"color: #800000;\">Luxembourg<\/span> ou la <span style=\"color: #800000;\">Suisse<\/span>.<\/p><\/blockquote>\n<p>\u00ab\u00a0Nous les Europ\u00e9ens sommes avec vous, en ce moment difficile de tout notre coeur\u00a0\u00bb, a dit la pr\u00e9sidente de la Commission europ\u00e9enne Ursula von der Leyen, lors d&rsquo;une visite samedi en Belgique.<\/p>\n<p><strong>Des dizaines de milliers d&rsquo;Allemands sont affect\u00e9s soit par la destruction de leur habitation<\/strong>, les coupures d&rsquo;\u00e9lectricit\u00e9, de gaz ou de lignes de t\u00e9l\u00e9phone. Sans parler des routes \u00e9ventr\u00e9es, ponts enfonc\u00e9s et villes sous les d\u00e9combres.<\/p>\n<p>\u00ab\u00a0<strong>C&rsquo;est une v\u00e9ritable catastrophe, je suis boulevers\u00e9e<\/strong>\u00ab\u00a0, a dit cette semaine Angela Merkel depuis les Etats-Unis o\u00f9 elle \u00e9tait en visite lorsque les pluies diluviennes en milieu de semaine ont subitement provoqu\u00e9 des inondations d\u00e9crites par les t\u00e9moins comme des \u00ab\u00a0raz-de-mar\u00e9e\u00a0\u00bb ou \u00ab\u00a0tsunami\u00a0\u00bb.<\/p>\n<p>Il s&rsquo;agit de la plus grande catastrophe naturelle de l&rsquo;histoire r\u00e9cente du pays.<\/p>\n<p>\u00ab\u00a0Des caravanes, des voitures ont \u00e9t\u00e9 emport\u00e9es, des arbres ont \u00e9t\u00e9 d\u00e9racin\u00e9s, des maisons ont \u00e9t\u00e9 renvers\u00e9es. Nous vivons ici depuis plus de 20 ans et nous n&rsquo;avons jamais rien v\u00e9cu de tel\u00a0\u00bb, confie \u00e0 l&rsquo;AFP Hans-Dieter Vrancken, un habitant de 65 ans du village de Schuld, que va visiter Angela Merkel<\/p>\n<h3>C&rsquo;est comme la guerre<\/h3>\n<p>Le bilan des morts, encore tr\u00e8s provisoire, s&rsquo;\u00e9tablit rien qu&rsquo;en Allemagne \u00e0 143 morts, des centaines de bless\u00e9s et des dizaines de disparus. En Belgique voisine, o\u00f9 une journ\u00e9e de deuil national est programm\u00e9e mardi, 27 personnes sont d\u00e9c\u00e9d\u00e9es \u00e0 ce jour.<\/p>\n<p>Les crues en Allemagne ont pris un tour politique \u00e0 un peu plus de deux mois des \u00e9lections l\u00e9gislatives, \u00e0 l&rsquo;issue desquelles Angela Merkel quittera le pouvoir.<\/p>\n<p>Chaque candidat rivalise de propositions pour renforcer la lutte contre le r\u00e9chauffement climatique, cause pour beaucoup d&rsquo;experts des inondations.<\/p>\n<h3>\u00a0Gaffe : rire lors d&rsquo;un hommage du chef de l&rsquo;Etat<\/h3>\n<p>Mais le favori pour succ\u00e9der \u00e0 la chanceli\u00e8re, le conservateur Armin Laschet, a commis samedi un faux-pas pr\u00e9judiciable \u00e0 son image, en \u00e9tant film\u00e9 en train de rire lors d&rsquo;un hommage du chef de l&rsquo;Etat aux victimes des crues.<\/p>\n<p>\u00ab\u00a0Laschet rigole pendant que le pays souffre\u00a0\u00bb, \u00e9crit Bild, le journal le plus lu d&rsquo;Allemagne.<\/p>\n<p>Les images sont devenues virales, l&rsquo;indignation nationale, contraignant l&rsquo;int\u00e9ress\u00e9 \u00e0 pr\u00e9senter ses excuses pour son comportement \u00ab\u00a0inappropri\u00e9\u00a0\u00bb.<\/p>\n<p>La pol\u00e9mique a pris d&rsquo;autant plus d&rsquo;ampleur que M. Laschet est aussi dirigeant d&rsquo;une des deux r\u00e9gions les plus touch\u00e9es par les inondations, la Rh\u00e9nanie du Nord-Westphalie.<\/p>\n<p>Dans toutes les localit\u00e9s sinistr\u00e9es, pompiers, protection civile, responsables communaux, militaires, ont d\u00e9but\u00e9 le colossal travail de d\u00e9blaiement et nettoyage des amas de d\u00e9bris boueux qui obstruent souvent les rues.<\/p>\n<h3>Plus de 22.000 secouristes sont \u00e0 pied d&rsquo;oeuvre.<\/h3>\n<p>\u00ab\u00a0C&rsquo;est un sc\u00e9nario d&rsquo;horreur\u00a0\u00bb, commente Michael Kossytorz dans la ville d\u00e9vast\u00e9e de Bad Neuenahr-Ahrweiler, en constatant les d\u00e9g\u00e2ts.<\/p>\n<p>Sc\u00e8ne inhabituelle, des chars militaires ont m\u00eame \u00e9t\u00e9 d\u00e9ploy\u00e9s en certains endroits pour aider aux efforts.<\/p>\n<p>Caves de maison et carcasses de voitures sont inspect\u00e9es une \u00e0 une pour retrouver d&rsquo;\u00e9ventuels corps, tant en Allemagne qu&rsquo;en Belgique.<\/p>\n<p>Dans ce pays, \u00e0 mesure que l&rsquo;eau se retire, \u00ab\u00a0nous allons probablement encore trouver des situations catastrophiques\u00a0\u00bb, a jug\u00e9 la bourgmestre de Li\u00e8ge, Christine Defraigne. (AFP)<\/p>\n","protected":false},"excerpt":{"rendered":"<p>Merkel se rend dimanche au chevet des survivants des inondations \u00ab\u00a0du si\u00e8cle\u00a0\u00bb, qui ont sem\u00e9 la d\u00e9solation en Allemagne, fait au moins 170 morts dans ce pays et en Belgique, et provoqu\u00e9 des d\u00e9g\u00e2ts consid\u00e9rables. Si la tendance est \u00e0 la d\u00e9crue dans la zone la plus sinistr\u00e9e, la situation se d\u00e9grade en revanche plus [&hellip;]<\/p>\n","protected":false},"author":1,"featured_media":9975,"comment_status":"open","ping_status":"closed","sticky":false,"template":"","format":"standard","meta":{"footnotes":""},"categories":[1372],"tags":[615,1179,1951,85,1950,173],"class_list":["post-9974","post","type-post","status-publish","format-standard","has-post-thumbnail","hentry","category-monde","tag-allemagne","tag-belgique","tag-catastrophe","tag-europe","tag-inondations","tag-union-europeenne"],"aioseo_notices":[],"_links":{"self":[{"href":"https:\/\/www.culturalusa.com\/news\/wp-json\/wp\/v2\/posts\/9974","targetHints":{"allow":["GET"]}}],"collection":[{"href":"https:\/\/www.culturalusa.com\/news\/wp-json\/wp\/v2\/posts"}],"about":[{"href":"https:\/\/www.culturalusa.com\/news\/wp-json\/wp\/v2\/types\/post"}],"author":[{"embeddable":true,"href":"https:\/\/www.culturalusa.com\/news\/wp-json\/wp\/v2\/users\/1"}],"replies":[{"embeddable":true,"href":"https:\/\/www.culturalusa.com\/news\/wp-json\/wp\/v2\/comments?post=9974"}],"version-history":[{"count":0,"href":"https:\/\/www.culturalusa.com\/news\/wp-json\/wp\/v2\/posts\/9974\/revisions"}],"wp:featuredmedia":[{"embeddable":true,"href":"https:\/\/www.culturalusa.com\/news\/wp-json\/wp\/v2\/media\/9975"}],"wp:attachment":[{"href":"https:\/\/www.culturalusa.com\/news\/wp-json\/wp\/v2\/media?parent=9974"}],"wp:term":[{"taxonomy":"category","embeddable":true,"href":"https:\/\/www.culturalusa.com\/news\/wp-json\/wp\/v2\/categories?post=9974"},{"taxonomy":"post_tag","embeddable":true,"href":"https:\/\/www.culturalusa.com\/news\/wp-json\/wp\/v2\/tags?post=9974"}],"curies":[{"name":"wp","href":"https:\/\/api.w.org\/{rel}","templated":true}]}}