{"id":9986,"date":"2021-07-23T13:20:10","date_gmt":"2021-07-23T11:20:10","guid":{"rendered":"https:\/\/www.culturalusa.com\/news\/?p=9986"},"modified":"2021-07-23T13:20:10","modified_gmt":"2021-07-23T11:20:10","slug":"les-espagnols-en-pleine-nouvelle-vague-saccrochent-a-leur-masque","status":"publish","type":"post","link":"https:\/\/www.culturalusa.com\/news\/monde\/les-espagnols-en-pleine-nouvelle-vague-saccrochent-a-leur-masque\/","title":{"rendered":"Les Espagnols en pleine nouvelle vague, s&rsquo;accrochent \u00e0 leur masque"},"content":{"rendered":"<p>La chaleur est intense, il fait plus de 35 degr\u00e9s mais bouches et nez sont couverts \u00e0 <strong>Madrid<\/strong>. Le masque a beau ne plus \u00eatre obligatoire dans la rue, les <strong>Espagnols<\/strong> s&rsquo;y cramponnent et certaines r\u00e9gions veulent l&rsquo;imposer \u00e0 nouveau \u00e0 l&rsquo;ext\u00e9rieur face \u00e0 l&rsquo;explosion des contagions, \u00e0 rebours d&rsquo;autres pays europ\u00e9ens.<\/p>\n<blockquote><p>M\u00eame dans la rue, elle le porte \u00ab\u00a0au cas o\u00f9\u00a0\u00bb. Katherin Castro, 18 ans et une dose de vaccin, est \u00e0 l&rsquo;image de nombreux Espagnols qui ne souhaitent pas encore se d\u00e9partir du morceau de tissu entr\u00e9 dans la vie quotidienne de milliards de personnes depuis un an et demi. Pour elle, <span style=\"color: #800000;\">\u00ab\u00a0le Covid est toujours l\u00e0, et malgr\u00e9 le vaccin, il y a beaucoup de contaminations\u00a0\u00bb<\/span>.<\/p><\/blockquote>\n<p>FFP2 sur le visage sur une avenue madril\u00e8ne aux larges trottoirs, Juana Delgado, 65 ans, porte \u00ab\u00a0tous les jours\u00a0\u00bb le masque et \u00ab\u00a0n&rsquo;envisage pas de l&rsquo;enlever pour le moment\u00a0\u00bb, expliquant ne se sentir \u00ab\u00a0en s\u00e9curit\u00e9\u00a0\u00bb que chez elle.<\/p>\n<p>Pr\u00e8s d&rsquo;un mois apr\u00e8s l&rsquo;assouplissement du port du masque en Espagne, rares sont ceux qui le quittent \u00e0 l&rsquo;heure o\u00f9 le Royaume-Uni y a totalement renonc\u00e9 et o\u00f9 la France envisage de l&rsquo;imiter pour les personnes vaccin\u00e9es dans certains milieux ferm\u00e9s.<\/p>\n<p>\u00ab\u00a0Nos rues et nos visages vont retrouver leur aspect normal\u00a0\u00bb, s&rsquo;\u00e9tait r\u00e9joui le Premier ministre Pedro Sanchez en annon\u00e7ant la fin du masque obligatoire \u00e0 l&rsquo;air libre le 26 juin, \u00e0 condition qu&rsquo;une distance de 1,5 m\u00e8tre soit maintenue.<\/p>\n<p>Mais alors que les contagions sont remont\u00e9es en fl\u00e8che en raison du variant Delta, Delfin Rapado, qui prom\u00e8ne sa petite-fille en poussette, estime que tant que \u00ab\u00a080 \u00e0 85 % de la population n&rsquo;est pas vaccin\u00e9e, on ne devrait pas le retirer\u00a0\u00bb.<\/p>\n<h3>Actuellement, un peu plus de 50 % de la population est totalement vaccin\u00e9e en Espagne<\/h3>\n<p>Pour le sexag\u00e9naire, qui recule d&rsquo;un pas avant de r\u00e9pondre \u00e0 l&rsquo;AFP, \u00ab\u00a0le gouvernement a eu tort de le retirer si t\u00f4t\u00a0\u00bb. Cette d\u00e9cision a \u00e9t\u00e9 prise pour \u00ab\u00a0donner une sensation de s\u00e9curit\u00e9 et que les touristes viennent en Espagne\u00a0\u00bb, critique-t-il.<\/p>\n<p>Les touristes, justement, \u00ab\u00a0ne le portent pas\u00a0\u00bb, affirme Flor Cardena, 64 ans, qui tient un magasin sur la c\u00e9l\u00e8bre avenue des Ramblas \u00e0 Barcelone, \u00e9nerv\u00e9e \u00e0 la vue de deux passantes au visage nu.<\/p>\n<p>\u00ab\u00a0Moi, je n&rsquo;ai pas confiance, ajoute-t-elle, le masque je ne l&rsquo;enl\u00e8verai pas, m\u00eame quand la pand\u00e9mie sera finie, \u00e7a m&rsquo;est \u00e9gal\u00a0\u00bb.<\/p>\n<p>Venue de France pour les vacances, Marie-H\u00e9l\u00e8ne Leheley, 57 ans, se dit surprise de \u00ab\u00a0croiser des gens portant le masque en permanence\u00a0\u00bb.<br \/>\nD\u00e9cret des sourires<\/p>\n<p>Les r\u00e9gions les plus touch\u00e9es par cette nouvelle vague de contagions comme le Pays basque, les Bal\u00e9ares, l&rsquo;Andalousie ou la Catalogne ont exhort\u00e9 le gouvernement central \u00e0 r\u00e9tablir le masque obligatoire \u00e0 l&rsquo;ext\u00e9rieur. En vain.<\/p>\n<p>Mais bien qu&rsquo;il s&rsquo;y refuse et d\u00e9fende sa d\u00e9cision, l&rsquo;ex\u00e9cutif a revu sa communication.<\/p>\n<p>En t\u00e9moignent les propos mardi de la ministre de la Sant\u00e9 Carolina Darias rappelant que \u00ab\u00a0les masques restent obligatoires dans notre pays\u00a0\u00bb sauf \u00ab\u00a0dans des cas tr\u00e8s concrets et tr\u00e8s pr\u00e9cis\u00a0\u00bb.<\/p>\n<p>Mercredi, lors de l&rsquo;adoption au Parlement du texte surnomm\u00e9 \u00ab\u00a0le d\u00e9cret des sourires\u00a0\u00bb et \u00e9liminant l&rsquo;obligation de porter le masque en permanence, des alli\u00e9s cl\u00e9s du gouvernement se sont abstenus et l&rsquo;opposition de droite a vot\u00e9 contre.<\/p>\n<p>Elvira Velasco, d\u00e9put\u00e9e du Parti Populaire (droite), a notamment accus\u00e9 l&rsquo;abandon du masque \u00e0 l&rsquo;air libre d&rsquo;\u00eatre un \u00ab\u00a0message de fausse s\u00e9curit\u00e9\u00a0\u00bb et d&rsquo;avoir \u00ab\u00a0contribu\u00e9 \u00e0 la situation actuelle\u00a0\u00bb de reprise de l&rsquo;\u00e9pid\u00e9mie.<\/p>\n<h3>\u00ab\u00a0Mesure iconique\u00a0\u00bb<\/h3>\n<p>Oscar Zurriaga, vice-pr\u00e9sident de la Soci\u00e9t\u00e9 espagnole d&rsquo;\u00e9pid\u00e9miologie, juge, lui, que le port du masque n&rsquo;aurait jamais d\u00fb \u00eatre obligatoire \u00e0 l&rsquo;air libre, lorsque les distances sont respect\u00e9es.<\/p>\n<p>\u00ab\u00a0A l&rsquo;ext\u00e9rieur, s&rsquo;il n&rsquo;y a pas de rassemblement de personnes, le masque n&rsquo;a jamais \u00e9t\u00e9 n\u00e9cessaire\u00a0\u00bb, pense-t-il, regrettant plut\u00f4t que la population n&rsquo;ait pas \u00ab\u00a0conscience des situations de risque\u00a0\u00bb, m\u00eame \u00e0 l&rsquo;ext\u00e9rieur comme en terrasse.<\/p>\n<p>Ce \u00ab\u00a0message subliminal\u00a0\u00bb du retrait du masque &#8211; une mesure \u00ab\u00a0tr\u00e8s iconique, que l&rsquo;on voit facilement\u00a0\u00bb &#8211; a conduit \u00e0 l&rsquo;abandon d&rsquo;autres pr\u00e9cautions sanitaires, plus efficaces comme la distanciation, d\u00e9plore-t-il. (AFP)<\/p>\n","protected":false},"excerpt":{"rendered":"<p>La chaleur est intense, il fait plus de 35 degr\u00e9s mais bouches et nez sont couverts \u00e0 Madrid. Le masque a beau ne plus \u00eatre obligatoire dans la rue, les Espagnols s&rsquo;y cramponnent et certaines r\u00e9gions veulent l&rsquo;imposer \u00e0 nouveau \u00e0 l&rsquo;ext\u00e9rieur face \u00e0 l&rsquo;explosion des contagions, \u00e0 rebours d&rsquo;autres pays europ\u00e9ens. M\u00eame dans la [&hellip;]<\/p>\n","protected":false},"author":1,"featured_media":9987,"comment_status":"open","ping_status":"closed","sticky":false,"template":"","format":"standard","meta":{"footnotes":""},"categories":[1372],"tags":[407,1953,1695,1211],"class_list":["post-9986","post","type-post","status-publish","format-standard","has-post-thumbnail","hentry","category-monde","tag-espagne","tag-espagnols","tag-madrid","tag-pandemie"],"aioseo_notices":[],"_links":{"self":[{"href":"https:\/\/www.culturalusa.com\/news\/wp-json\/wp\/v2\/posts\/9986","targetHints":{"allow":["GET"]}}],"collection":[{"href":"https:\/\/www.culturalusa.com\/news\/wp-json\/wp\/v2\/posts"}],"about":[{"href":"https:\/\/www.culturalusa.com\/news\/wp-json\/wp\/v2\/types\/post"}],"author":[{"embeddable":true,"href":"https:\/\/www.culturalusa.com\/news\/wp-json\/wp\/v2\/users\/1"}],"replies":[{"embeddable":true,"href":"https:\/\/www.culturalusa.com\/news\/wp-json\/wp\/v2\/comments?post=9986"}],"version-history":[{"count":0,"href":"https:\/\/www.culturalusa.com\/news\/wp-json\/wp\/v2\/posts\/9986\/revisions"}],"wp:featuredmedia":[{"embeddable":true,"href":"https:\/\/www.culturalusa.com\/news\/wp-json\/wp\/v2\/media\/9987"}],"wp:attachment":[{"href":"https:\/\/www.culturalusa.com\/news\/wp-json\/wp\/v2\/media?parent=9986"}],"wp:term":[{"taxonomy":"category","embeddable":true,"href":"https:\/\/www.culturalusa.com\/news\/wp-json\/wp\/v2\/categories?post=9986"},{"taxonomy":"post_tag","embeddable":true,"href":"https:\/\/www.culturalusa.com\/news\/wp-json\/wp\/v2\/tags?post=9986"}],"curies":[{"name":"wp","href":"https:\/\/api.w.org\/{rel}","templated":true}]}}