{"id":9989,"date":"2021-07-26T16:03:43","date_gmt":"2021-07-26T14:03:43","guid":{"rendered":"https:\/\/www.culturalusa.com\/news\/?p=9989"},"modified":"2021-07-26T16:03:43","modified_gmt":"2021-07-26T14:03:43","slug":"hommage-a-lhomme-deglise-et-citoyen-engage-cinq-ans-apres-lassasinat-du-pere-hamel","status":"publish","type":"post","link":"https:\/\/www.culturalusa.com\/news\/actualite\/hommage-a-lhomme-deglise-et-citoyen-engage-cinq-ans-apres-lassasinat-du-pere-hamel\/","title":{"rendered":"Hommage \u00e0 \u00ab\u00a0l&rsquo;homme d&rsquo;Eglise et citoyen engag\u00e9\u00a0\u00bb cinq ans apr\u00e8s l&rsquo;assasinat du p\u00e8re Hamel"},"content":{"rendered":"<p>Cinq ans apr\u00e8s l&rsquo;assassinat du p\u00e8re <strong>Jacques Hamel<\/strong> dans son \u00e9glise, un hommage \u00e0 \u00ab\u00a0l&rsquo;homme d&rsquo;Eglise et au citoyen engag\u00e9\u00a0\u00bb a \u00e9t\u00e9 rendu lundi \u00e0 Saint-Etienne du Rouvray, pr\u00e8s de Rouen, en pr\u00e9sence de <strong>G\u00e9rald Darmanin<\/strong>, d&rsquo;\u00e9lus et de fid\u00e8les.<\/p>\n<p>\u00ab\u00a0Le gouvernement de la R\u00e9publique comm\u00e9more ses martyrs et nul doute que Jacques Hamel en fait partie\u00a0\u00bb, a d\u00e9clar\u00e9 M. Darmanin, lors d&rsquo;un hommage r\u00e9publicain \u00e0 l&rsquo;issue de la c\u00e9r\u00e9monie religieuse.<\/p>\n<blockquote><p>\u00ab\u00a0La <span style=\"color: #800000;\">barbarie islamiste<\/span> touche tous les symboles qui font l&rsquo;Occident et la France. La barbarie \u00e0 laquelle nous sommes confront\u00e9s est une barbarie difficile \u00e0 combattre (&#8230;) Nous avons encore \u00e0 nous battre, fortement et encore longtemps, contre ceux qui utilisent Dieu pour tuer\u00a0\u00bb, a ajout\u00e9 le ministre.<\/p><\/blockquote>\n<p><strong>\u00ab\u00a0Jacques Hamel \u00e9tait d&rsquo;une modestie et d&rsquo;une simplicit\u00e9 dont il ne se d\u00e9partissait jamais\u00a0\u00bb<\/strong>, a soulign\u00e9 Hubert Wulfranc (PCF), maire de la commune au moment du drame. Le maire actuel, Joachim Moyse (PCF) a \u00e9voqu\u00e9 l'\u00a0\u00bbhomme d\u2019\u00e9glise et citoyen engag\u00e9\u00a0\u00bb qui \u00ab\u00a0portait un message de paix et d\u2019esp\u00e9rance\u00a0\u00bb.<\/p>\n<h3>\u00ab\u00a0Quelle est la grande attente de l\u2019humanit\u00e9, sinon la paix?\u00a0\u00bb, s\u2019\u00e9tait interrog\u00e9 auparavant, dans son hom\u00e9lie lors de la c\u00e9r\u00e9monie religieuse, l&rsquo;archev\u00eaque de Rouen, Mgr Dominique Lebrun.<\/h3>\n<p>La c\u00e9r\u00e9monie s&rsquo;est d\u00e9roul\u00e9e en pr\u00e9sence des quelques fid\u00e8les qui assistaient \u00e0 la messe c\u00e9l\u00e9br\u00e9e par le p\u00e8re Hamel lors de l&rsquo;attaque de 2016. Parmi ceux-ci, Guy Coponet, lui-m\u00eame gri\u00e8vement bless\u00e9, et dont l&rsquo;\u00e9pouse, \u00e0 ses c\u00f4t\u00e9s lors de l&rsquo;attentat, est d\u00e9c\u00e9d\u00e9e il y a quelques semaine, a rappel\u00e9 Mgr Lebrun.<\/p>\n<p>Reprenant la parole lors de l&rsquo;hommage r\u00e9publicain, le pr\u00e9lat a notamment \u00e9voqu\u00e9 la possible b\u00e9atification du p\u00e8re Hamel, encourag\u00e9e par le pape Fran\u00e7ois. \u00ab\u00a0L&rsquo;enqu\u00eate dioc\u00e9saine est achev\u00e9e, d\u00e9pos\u00e9e \u00e0 Rome. Nous avons re\u00e7u la reconnaissance de la validit\u00e9 de cette enqu\u00eate. La suite ne nous appartient plus\u00a0\u00bb, a-t-il dit.<\/p>\n<h3>\u00ab\u00a0Ne jamais oublier\u00a0\u00bb<\/h3>\n<p>En ce jour anniversaire, de nombreuses personnalit\u00e9s ont tenu \u00e0 rendre hommage au pr\u00eatre assassin\u00e9 il y a cinq ans, dont le Premier ministre Jean Castex. \u00ab\u00a0En ce 26 juillet, la Nation se recueille et s\u2019incline respectueusement en m\u00e9moire du p\u00e8re Jacques Hamel. (&#8230;) Puissent son humanisme et son message de fraternit\u00e9 longtemps nous guider face \u00e0 la haine et la barbarie\u00a0\u00bb, a tweet\u00e9 M. Castex.<\/p>\n<h3>\u00ab\u00a0Assassin\u00e9 parce que <span style=\"color: #800000;\">chr\u00e9tien<\/span>. Nous ne devons jamais l\u2019oublier. Mes pens\u00e9es \u00e0 sa famille et \u00e0 ses proches\u00a0\u00bb, a r\u00e9agi le Premier ministre de l&rsquo;\u00e9poque, Manuel Valls.<\/h3>\n<p>\u00ab\u00a0Mes pens\u00e9es vont aujourd\u2019hui \u00e0 ses proches et \u00e0 tous les chr\u00e9tiens de France qui furent si dignes dans l\u2019\u00e9preuve. Nous ne les oublions pas\u00a0\u00bb, a tweet\u00e9 pour sa part Bernard Cazeneuve, ministre de l&rsquo;Int\u00e9rieur entre avril 2014 et d\u00e9cembre 2016.<\/p>\n<p>Christian Estrosi, le maire de Nice, meurtrie par l&rsquo;attentat du 14 juillet 2016, a salu\u00e9 le p\u00e8re Jacques Hamel \u00ab\u00a0assassin\u00e9 le 26 juillet 2016 par deux barbares islamistes en l\u2019\u00e9glise #SaintEtienneDuRouvray parce que chr\u00e9tien, et pens\u00e9es \u00e0 Simone, Vincent et Nadine, tu\u00e9s \u00e0 #Nice06 le 29 octobre 2020 pour la m\u00eame raison\u00a0\u00bb.<\/p>\n<p>Pour le num\u00e9ro deux du Rassemblement national, Jordan Bardella, \u00ab\u00a0nous avons le devoir de ne jamais oublier ni les noms, ni les visages de ceux des n\u00f4tres qui sont tomb\u00e9s sous les assauts du djihadisme (&#8230;) Le 26 juillet 2016, dans l\u2019\u00e9glise de Saint-\u00c9tienne-du-Rouvray, l\u2019ennemi assassinait le p\u00e8re Hamel, martyr chr\u00e9tien, martyr fran\u00e7ais\u00a0\u00bb, a-t-il tweet\u00e9.<\/p>\n<p>Ag\u00e9 de 85 ans, le pr\u00eatre venait d&rsquo;achever sa messe matinale quand il a \u00e9t\u00e9 tu\u00e9 de deux coups de couteaux \u00e0 la gorge le 26 juillet 2016.<\/p>\n<p>Les assassins, qui se r\u00e9clamaient de l&rsquo;organisation \u00c9tat islamique, ont \u00e9t\u00e9 abattus par les forces de l&rsquo;ordre \u00e0 leur sortie de l&rsquo;\u00e9glise.<\/p>\n<p>Le proc\u00e8s de quatre personnes soup\u00e7onn\u00e9es de responsabilit\u00e9s dans l&rsquo;assassinat du p\u00e8re Hamel est pr\u00e9vu devant la cour d&rsquo;assises sp\u00e9ciale de Paris du 14 f\u00e9vrier au 11 mars 2022. (AFP)<\/p>\n","protected":false},"excerpt":{"rendered":"<p>Cinq ans apr\u00e8s l&rsquo;assassinat du p\u00e8re Jacques Hamel dans son \u00e9glise, un hommage \u00e0 \u00ab\u00a0l&rsquo;homme d&rsquo;Eglise et au citoyen engag\u00e9\u00a0\u00bb a \u00e9t\u00e9 rendu lundi \u00e0 Saint-Etienne du Rouvray, pr\u00e8s de Rouen, en pr\u00e9sence de G\u00e9rald Darmanin, d&rsquo;\u00e9lus et de fid\u00e8les. \u00ab\u00a0Le gouvernement de la R\u00e9publique comm\u00e9more ses martyrs et nul doute que Jacques Hamel en [&hellip;]<\/p>\n","protected":false},"author":1,"featured_media":9990,"comment_status":"open","ping_status":"closed","sticky":false,"template":"","format":"standard","meta":{"footnotes":""},"categories":[30],"tags":[1957,1958,1956,1282,1420,1955,1954],"class_list":["post-9989","post","type-post","status-publish","format-standard","has-post-thumbnail","hentry","category-actualite","tag-barbarie-islamiste","tag-chretien","tag-eglise","tag-gerald-darmanin","tag-islamisme","tag-jacques-hamel","tag-pere-hamel"],"aioseo_notices":[],"_links":{"self":[{"href":"https:\/\/www.culturalusa.com\/news\/wp-json\/wp\/v2\/posts\/9989","targetHints":{"allow":["GET"]}}],"collection":[{"href":"https:\/\/www.culturalusa.com\/news\/wp-json\/wp\/v2\/posts"}],"about":[{"href":"https:\/\/www.culturalusa.com\/news\/wp-json\/wp\/v2\/types\/post"}],"author":[{"embeddable":true,"href":"https:\/\/www.culturalusa.com\/news\/wp-json\/wp\/v2\/users\/1"}],"replies":[{"embeddable":true,"href":"https:\/\/www.culturalusa.com\/news\/wp-json\/wp\/v2\/comments?post=9989"}],"version-history":[{"count":0,"href":"https:\/\/www.culturalusa.com\/news\/wp-json\/wp\/v2\/posts\/9989\/revisions"}],"wp:featuredmedia":[{"embeddable":true,"href":"https:\/\/www.culturalusa.com\/news\/wp-json\/wp\/v2\/media\/9990"}],"wp:attachment":[{"href":"https:\/\/www.culturalusa.com\/news\/wp-json\/wp\/v2\/media?parent=9989"}],"wp:term":[{"taxonomy":"category","embeddable":true,"href":"https:\/\/www.culturalusa.com\/news\/wp-json\/wp\/v2\/categories?post=9989"},{"taxonomy":"post_tag","embeddable":true,"href":"https:\/\/www.culturalusa.com\/news\/wp-json\/wp\/v2\/tags?post=9989"}],"curies":[{"name":"wp","href":"https:\/\/api.w.org\/{rel}","templated":true}]}}