{"id":9996,"date":"2021-07-28T17:12:37","date_gmt":"2021-07-28T15:12:37","guid":{"rendered":"https:\/\/www.culturalusa.com\/news\/?p=9996"},"modified":"2021-07-28T17:12:37","modified_gmt":"2021-07-28T15:12:37","slug":"monsanto-sanctionne-dune-amende-de-400-000-euros-pour-ses-pratiques-de-lobbying","status":"publish","type":"post","link":"https:\/\/www.culturalusa.com\/news\/actualite\/monsanto-sanctionne-dune-amende-de-400-000-euros-pour-ses-pratiques-de-lobbying\/","title":{"rendered":"Monsanto sanctionn\u00e9 d&rsquo;une amende de 400.000 euros pour ses pratiques de lobbying"},"content":{"rendered":"<p><strong>Lobbying<\/strong>: le gendarme fran\u00e7ais des <strong>donn\u00e9es personnelles<\/strong>, la <strong>Cnil<\/strong>, a prononc\u00e9 contre l&rsquo;agrochimiste <strong>Monsanto<\/strong> (propri\u00e9t\u00e9 de Bayer) une amende de 400.000 euros pour avoir fich\u00e9 ill\u00e9galement des personnalit\u00e9s publiques, journalistes et militants dans le but d&rsquo;influencer le d\u00e9bat public sur l&rsquo;interdiction du glyphosate, un herbicide.<\/p>\n<p>La commission &#8211; saisie de sept plaintes (dont Le Monde, France T\u00e9l\u00e9visions, Radio France, Le Parisien et l&rsquo;Agence France-Presse) &#8211; reproche \u00e0 la soci\u00e9t\u00e9 d&rsquo;avoir manqu\u00e9 \u00e0 son obligation d&rsquo;information des personnes, qui n&rsquo;ont appris l&rsquo;existence de ce traitement de donn\u00e9es que lors de sa r\u00e9v\u00e9lation dans les m\u00e9dias en mai 2019.<\/p>\n<blockquote><p>Selon son enqu\u00eate, le fichier en question contenait pour chacune des \u00ab\u00a0plus de 200 personnalit\u00e9s\u00a0\u00bb inscrites dans le fichier, une \u00ab\u00a0note allant de 1 \u00e0 5\u00a0\u00bb permettant \u00ab\u00a0d&rsquo;\u00e9valuer son influence, sa cr\u00e9dibilit\u00e9 et son soutien \u00e0 la soci\u00e9t\u00e9 Monsanto sur divers sujets tels que les pesticides ou les organismes g\u00e9n\u00e9tiquement modifi\u00e9s\u00a0\u00bb.<\/p><\/blockquote>\n<p>L&rsquo;affaire, r\u00e9v\u00e9l\u00e9e par le quotidien Le Monde et la cha\u00eene de t\u00e9l\u00e9vision France 2, s&rsquo;\u00e9tait rapidement \u00e9tendue \u00e0 l&rsquo;Europe. Des listes de personnalit\u00e9s (politiques, scientifiques, journalistes) existaient \u00e9galement dans au moins six autres pays (Allemagne, Italie, Pays-Bas, Pologne, Espagne, Royaume-Uni) ainsi que pour les institutions europ\u00e9ennes, avait indiqu\u00e9 Bayer, soit pr\u00e8s de 1.500 personnes au total.<\/p>\n<h3>\u00ab\u00a0Au cours de la proc\u00e9dure, [la Cnil] a consid\u00e9rablement r\u00e9duit la port\u00e9e initiale des all\u00e9gations port\u00e9es contre Monsanto\u00a0\u00bb, a r\u00e9agi Bayer dans une d\u00e9claration \u00e0 l&rsquo;AFP.<\/h3>\n<p>La soci\u00e9t\u00e9 conteste avoir \u00e9t\u00e9 \u00ab\u00a0responsable de traitement des donn\u00e9es\u00a0\u00bb, une qualification qu&rsquo;elle attribue plut\u00f4t \u00e0 l&rsquo;agence de communication Fleishman-Hillard charg\u00e9e du fichier. \u00ab\u00a0Ceux qui avaient l&rsquo;expertise, c&rsquo;\u00e9tait le cabinet de lobbying. C&rsquo;est eux qui avaient l&rsquo;obligation d&rsquo;informer les personnes quand bien m\u00eame le fichier \u00e9tait au b\u00e9n\u00e9fice final de Monsanto\u00a0\u00bb, a d\u00e9clar\u00e9 \u00e0 l&rsquo;AFP Yann Padova, associ\u00e9 de Baker McKenzie et avocat de Bayer-Monsanto.<\/p>\n<p>Le groupe, qui affirme que le fichier n&rsquo;a plus \u00e9t\u00e9 utilis\u00e9 \u00e0 la suite du renouvellement pour cinq ans par la Commission europ\u00e9enne de l&rsquo;autorisation du <strong>glyphosate<\/strong> en 2017, examine aujourd&rsquo;hui l&rsquo;opportunit\u00e9 d&rsquo;un recours devant le Conseil d&rsquo;\u00c9tat.<\/p>\n<h3>\u00ab\u00a0La cr\u00e9ation de fichiers de contacts par les repr\u00e9sentants d&rsquo;int\u00e9r\u00eats \u00e0 des fins de lobbying n&rsquo;est pas, en soi, ill\u00e9gale\u00a0\u00bb, explique la Cnil. \u00ab\u00a0En revanche, ne peuvent figurer dans ce fichier que des personnes qui peuvent raisonnablement s&rsquo;attendre, en raison de leur notori\u00e9t\u00e9 ou de leur activit\u00e9, \u00e0 \u00eatre l&rsquo;objet de contacts du secteur\u00a0\u00bb.<\/h3>\n<p>Il faut de plus que \u00ab\u00a0les donn\u00e9es inscrites dans le fichier aient \u00e9t\u00e9 collect\u00e9es l\u00e9galement et que les personnes soient inform\u00e9es de l&rsquo;existence du fichier, afin de pouvoir exercer leurs droits, notamment leur droit d&rsquo;opposition.\u00a0\u00bb<\/p>\n<h3>Excuses et enqu\u00eate judiciaire<\/h3>\n<p>\u00ab\u00a0L&rsquo;information est un droit essentiel qui conditionne l&rsquo;exercice des autres droits (droits d&rsquo;acc\u00e8s, d&rsquo;opposition, d&rsquo;effacement ?) dont b\u00e9n\u00e9ficient les personnes: dans ce cas, elles en ont \u00e9t\u00e9 emp\u00each\u00e9es durant plusieurs ann\u00e9es\u00a0\u00bb, insiste la Cnil, qui a \u00e9galement relev\u00e9 un manquement \u00e0 l&rsquo;obligation d&rsquo;encadrer les traitements de donn\u00e9es effectu\u00e9s par des sous-traitants.<\/p>\n<p>A la suite du scandale, le chimiste allemand Bayer, propri\u00e9taire de l&rsquo;am\u00e9ricain Monsanto depuis 2018, avait pr\u00e9sent\u00e9 ses excuses et mis un terme \u00ab\u00a0jusqu&rsquo;\u00e0 nouvel ordre\u00a0\u00bb \u00e0 sa collaboration en mati\u00e8re de communication avec l&rsquo;agence Fleishman-Hillard, une filiale du g\u00e9ant de communication Omnicom.<\/p>\n<p>\u00ab\u00a0Notre fa\u00e7on de travailler est conforme aux normes professionnelles et aux pratiques \u00e9tablies dans notre industrie\u00a0\u00bb, a r\u00e9agi mercredi Sandrine Cormary, directrice g\u00e9n\u00e9rale en France de l&rsquo;agence rebaptis\u00e9e Omnicom Public Relations Group.<\/p>\n<p>Le dossier fait \u00e9galement l&rsquo;objet d&rsquo;une enqu\u00eate judiciaire en France qui vise notamment le chef de \u00ab\u00a0collecte de donn\u00e9es personnelles par un moyen frauduleux, d\u00e9loyal ou illicite\u00a0\u00bb.<\/p>\n<p>En mai, la Commission europ\u00e9enne a donn\u00e9 son feu vert \u00e0 la France pour un cr\u00e9dit d&rsquo;imp\u00f4t \u00e0 destination des agriculteurs qui d\u00e9cident de renoncer \u00e0 l&rsquo;usage d&rsquo;herbicides \u00e0 base de glyphosate.<\/p>\n<p>Aux Etats-Unis, Bayer a sign\u00e9 en juin 2020 un accord de plus de 10 milliards de dollars pour mettre fin aux quelques 125.000 plaintes contre son herbicide phare et tr\u00e8s controvers\u00e9 Roundup, accord partiellement rejet\u00e9 en mai dernier par la justice am\u00e9ricaine. (AFP)<\/p>\n","protected":false},"excerpt":{"rendered":"<p>Lobbying: le gendarme fran\u00e7ais des donn\u00e9es personnelles, la Cnil, a prononc\u00e9 contre l&rsquo;agrochimiste Monsanto (propri\u00e9t\u00e9 de Bayer) une amende de 400.000 euros pour avoir fich\u00e9 ill\u00e9galement des personnalit\u00e9s publiques, journalistes et militants dans le but d&rsquo;influencer le d\u00e9bat public sur l&rsquo;interdiction du glyphosate, un herbicide. La commission &#8211; saisie de sept plaintes (dont Le Monde, [&hellip;]<\/p>\n","protected":false},"author":1,"featured_media":9997,"comment_status":"open","ping_status":"closed","sticky":false,"template":"","format":"standard","meta":{"footnotes":""},"categories":[30],"tags":[1665,663,1015,894,1014],"class_list":["post-9996","post","type-post","status-publish","format-standard","has-post-thumbnail","hentry","category-actualite","tag-cnil","tag-donnees-personnelles","tag-glyphosate","tag-lobbying","tag-monsanto"],"aioseo_notices":[],"_links":{"self":[{"href":"https:\/\/www.culturalusa.com\/news\/wp-json\/wp\/v2\/posts\/9996","targetHints":{"allow":["GET"]}}],"collection":[{"href":"https:\/\/www.culturalusa.com\/news\/wp-json\/wp\/v2\/posts"}],"about":[{"href":"https:\/\/www.culturalusa.com\/news\/wp-json\/wp\/v2\/types\/post"}],"author":[{"embeddable":true,"href":"https:\/\/www.culturalusa.com\/news\/wp-json\/wp\/v2\/users\/1"}],"replies":[{"embeddable":true,"href":"https:\/\/www.culturalusa.com\/news\/wp-json\/wp\/v2\/comments?post=9996"}],"version-history":[{"count":0,"href":"https:\/\/www.culturalusa.com\/news\/wp-json\/wp\/v2\/posts\/9996\/revisions"}],"wp:featuredmedia":[{"embeddable":true,"href":"https:\/\/www.culturalusa.com\/news\/wp-json\/wp\/v2\/media\/9997"}],"wp:attachment":[{"href":"https:\/\/www.culturalusa.com\/news\/wp-json\/wp\/v2\/media?parent=9996"}],"wp:term":[{"taxonomy":"category","embeddable":true,"href":"https:\/\/www.culturalusa.com\/news\/wp-json\/wp\/v2\/categories?post=9996"},{"taxonomy":"post_tag","embeddable":true,"href":"https:\/\/www.culturalusa.com\/news\/wp-json\/wp\/v2\/tags?post=9996"}],"curies":[{"name":"wp","href":"https:\/\/api.w.org\/{rel}","templated":true}]}}