{"id":9999,"date":"2021-08-02T11:15:21","date_gmt":"2021-08-02T09:15:21","guid":{"rendered":"https:\/\/www.culturalusa.com\/news\/?p=9999"},"modified":"2021-08-02T11:15:21","modified_gmt":"2021-08-02T09:15:21","slug":"manifestations-pro-bolsonaro-contre-le-systeme-electoral-au-bresil","status":"publish","type":"post","link":"https:\/\/www.culturalusa.com\/news\/monde\/manifestations-pro-bolsonaro-contre-le-systeme-electoral-au-bresil\/","title":{"rendered":"Manifestations pro-Bolsonaro contre le syst\u00e8me \u00e9lectoral au Br\u00e9sil"},"content":{"rendered":"<p>Br\u00e9sil: des milliers de manifestants \u00e9taient rassembl\u00e9s au Br\u00e9sil pour apporter leur soutien au pr\u00e9sident Jair Bolsonaro et protester contre le syst\u00e8me de vote par urnes \u00e9lectroniques en vigueur depuis 1996.<\/p>\n<blockquote><p>\u00c0 Rio de Janeiro, environ 3.000 personnes d\u00e9filaient sur la c\u00e9l\u00e8bre plage de Copacabana, la plupart sans masque et habill\u00e9s de jaune et de vert, les couleurs du drapeau br\u00e9silien.<\/p><\/blockquote>\n<h3>\u00ab\u00a0Ce qu&rsquo;on veut, c&rsquo;est que les voix puissent \u00eatre recompt\u00e9es publiquement, pour plus de transparence, parce qu&rsquo;il y a d\u00e9j\u00e0 eu des soup\u00e7ons de fraudes\u00a0\u00bb, Ronaldo Calvalcante, 46 ans, qui manifestait \u00e0 Rio.<\/h3>\n<p>Le pr\u00e9sident Bolsonaro, qui vise la r\u00e9\u00e9lection en 2022, ne r\u00e9clame pas un retour au vote par bulletins papier, mais l&rsquo;impression d&rsquo;un re\u00e7u apr\u00e8s chaque vote sur l&rsquo;urne \u00e9lectronique, pour que les voix puissent \u00eatre recompt\u00e9es physiquement.<\/p>\n<p>Pour les analystes, le dirigeant de [Droite] tente de pr\u00e9parer le terrain pour contester le r\u00e9sultat en cas de d\u00e9faite, \u00e0 l&rsquo;image de l&rsquo;ex-pr\u00e9sident am\u00e9ricain Donald Trump, dont il est un fervent admirateur.<\/p>\n<p>Le pr\u00e9sident Bolsonaro n&rsquo;a pas pris part directement \u00e0 la manifestation qui a \u00e9galement r\u00e9uni plusieurs milliers de personnes dans la matin\u00e9e \u00e0 Brasilia, mais il a prononc\u00e9 un discours par visioconf\u00e9rence, r\u00e9it\u00e9rant qu&rsquo;il n&rsquo;accepterait pas des \u00e9lections qui ne seraient pas \u00ab\u00a0propres et d\u00e9mocratiques\u00a0\u00bb.<\/p>\n<p><strong>Il a ajout\u00e9 qu&rsquo;il ferait \u00ab\u00a0tout le n\u00e9cessaire\u00a0\u00bb pour imposer l&rsquo;impression de re\u00e7us en papier pour le vote \u00e9lectronique.<\/strong><\/p>\n<p>Dans l&rsquo;apr\u00e8s-midi, il s&rsquo;est \u00e9galement adress\u00e9 aux milliers manifestants rassembl\u00e9s \u00e0 Sao Paulo, la plus grande m\u00e9tropole du pays.<\/p>\n<blockquote><p>\u00ab\u00a0La volont\u00e9 du peuple doit pr\u00e9valoir. J&rsquo;esp\u00e8re qu&rsquo;apr\u00e8s cette manifestation, ce sera chose faite \u00e0 Brasilia\u00a0\u00bb, a-t-il d\u00e9clar\u00e9, une allusion au vote pr\u00e9vu jeudi en commission \u00e0 la chambre des d\u00e9put\u00e9s d&rsquo;un projet de loi visant \u00e0 instituer l&rsquo;impression des re\u00e7us en papier pour les urnes \u00e9lectroniques.<\/p><\/blockquote>\n<p>Jeudi, durant son direct hebdomadaire sur Facebook, le chef de l&rsquo;Etat a fait \u00e9tat pendant plus de deux heures de sa conviction de fraudes lors des deux derni\u00e8res pr\u00e9sidentielles, estimant notamment qu&rsquo;il aurait d\u00fb \u00eatre \u00e9lu d\u00e8s le premier tour en 2018.<\/p>\n<p>Mais il n&rsquo;a pas pr\u00e9sent\u00e9 la moindre preuve, tandis que le Tribunal Sup\u00e9rieur Electoral (TSE) assure que le syst\u00e8me actuel est totalement transparent et n&rsquo;a jamais \u00e9t\u00e9 \u00e9maill\u00e9 d&rsquo;irr\u00e9gularit\u00e9s.<\/p>\n<p>Il y a trois semaines, M. Bolsonaro avait d\u00e9j\u00e0 suscit\u00e9 une lev\u00e9e de boucliers en semant le doute sur la r\u00e9alisation du scrutin de 2022. \u00ab\u00a0Ou nous faisons des \u00e9lections propres au Br\u00e9sil, ou il n&rsquo;y aura pas d&rsquo;\u00e9lections\u00a0\u00bb, avait-il affirm\u00e9.<\/p>\n<p>Il avait trait\u00e9 d'\u00a0\u00bbimb\u00e9cile\u00a0\u00bb le pr\u00e9sident du TSE, Luis Roberto Barroso, qui estime que l&rsquo;impression de re\u00e7us en papier pourrait au contraire exposer le vote \u00ab\u00a0aux risques de manipulation du pass\u00e9\u00a0\u00bb.<\/p>\n<p>Le week-end dernier, plusieurs dizaines de milliers de personnes ont manifest\u00e9 au Br\u00e9sil pour r\u00e9clamer la destitution du pr\u00e9sident Bolsonaro, tr\u00e8s critiqu\u00e9 pour sa gestion de la pand\u00e9mie de Covid-19, qui a fait plus de 550.000 morts dans le pays. (AFP)<\/p>\n","protected":false},"excerpt":{"rendered":"<p>Br\u00e9sil: des milliers de manifestants \u00e9taient rassembl\u00e9s au Br\u00e9sil pour apporter leur soutien au pr\u00e9sident Jair Bolsonaro et protester contre le syst\u00e8me de vote par urnes \u00e9lectroniques en vigueur depuis 1996. \u00c0 Rio de Janeiro, environ 3.000 personnes d\u00e9filaient sur la c\u00e9l\u00e8bre plage de Copacabana, la plupart sans masque et habill\u00e9s de jaune et de [&hellip;]<\/p>\n","protected":false},"author":1,"featured_media":10000,"comment_status":"open","ping_status":"closed","sticky":false,"template":"","format":"standard","meta":{"footnotes":""},"categories":[1372],"tags":[937,443,1961,1962,1963],"class_list":["post-9999","post","type-post","status-publish","format-standard","has-post-thumbnail","hentry","category-monde","tag-bolsonaro","tag-bresil","tag-rio-de-janeiro","tag-systeme-electoral","tag-vote-electronique"],"aioseo_notices":[],"_links":{"self":[{"href":"https:\/\/www.culturalusa.com\/news\/wp-json\/wp\/v2\/posts\/9999","targetHints":{"allow":["GET"]}}],"collection":[{"href":"https:\/\/www.culturalusa.com\/news\/wp-json\/wp\/v2\/posts"}],"about":[{"href":"https:\/\/www.culturalusa.com\/news\/wp-json\/wp\/v2\/types\/post"}],"author":[{"embeddable":true,"href":"https:\/\/www.culturalusa.com\/news\/wp-json\/wp\/v2\/users\/1"}],"replies":[{"embeddable":true,"href":"https:\/\/www.culturalusa.com\/news\/wp-json\/wp\/v2\/comments?post=9999"}],"version-history":[{"count":0,"href":"https:\/\/www.culturalusa.com\/news\/wp-json\/wp\/v2\/posts\/9999\/revisions"}],"wp:featuredmedia":[{"embeddable":true,"href":"https:\/\/www.culturalusa.com\/news\/wp-json\/wp\/v2\/media\/10000"}],"wp:attachment":[{"href":"https:\/\/www.culturalusa.com\/news\/wp-json\/wp\/v2\/media?parent=9999"}],"wp:term":[{"taxonomy":"category","embeddable":true,"href":"https:\/\/www.culturalusa.com\/news\/wp-json\/wp\/v2\/categories?post=9999"},{"taxonomy":"post_tag","embeddable":true,"href":"https:\/\/www.culturalusa.com\/news\/wp-json\/wp\/v2\/tags?post=9999"}],"curies":[{"name":"wp","href":"https:\/\/api.w.org\/{rel}","templated":true}]}}