{"id":2813,"count":1,"description":"","link":"https:\/\/www.culturalusa.com\/news\/tag\/groupe-de-telecoms-et-medias\/","name":"groupe de t\u00e9l\u00e9coms et m\u00e9dias","slug":"groupe-de-telecoms-et-medias","taxonomy":"post_tag","meta":[],"_links":{"self":[{"href":"https:\/\/www.culturalusa.com\/news\/wp-json\/wp\/v2\/tags\/2813","targetHints":{"allow":["GET"]}}],"collection":[{"href":"https:\/\/www.culturalusa.com\/news\/wp-json\/wp\/v2\/tags"}],"about":[{"href":"https:\/\/www.culturalusa.com\/news\/wp-json\/wp\/v2\/taxonomies\/post_tag"}],"wp:post_type":[{"href":"https:\/\/www.culturalusa.com\/news\/wp-json\/wp\/v2\/posts?tags=2813"}],"curies":[{"name":"wp","href":"https:\/\/api.w.org\/{rel}","templated":true}]}}