{"id":3033,"count":1,"description":"","link":"https:\/\/www.culturalusa.com\/news\/tag\/determinee-a-remonter-sur-scene\/","name":"d\u00e9termin\u00e9e \u00e0 remonter sur sc\u00e8ne","slug":"determinee-a-remonter-sur-scene","taxonomy":"post_tag","meta":[],"_links":{"self":[{"href":"https:\/\/www.culturalusa.com\/news\/wp-json\/wp\/v2\/tags\/3033","targetHints":{"allow":["GET"]}}],"collection":[{"href":"https:\/\/www.culturalusa.com\/news\/wp-json\/wp\/v2\/tags"}],"about":[{"href":"https:\/\/www.culturalusa.com\/news\/wp-json\/wp\/v2\/taxonomies\/post_tag"}],"wp:post_type":[{"href":"https:\/\/www.culturalusa.com\/news\/wp-json\/wp\/v2\/posts?tags=3033"}],"curies":[{"name":"wp","href":"https:\/\/api.w.org\/{rel}","templated":true}]}}