{"id":3062,"count":1,"description":"","link":"https:\/\/www.culturalusa.com\/news\/tag\/le-portugal-celebre-les-50-ans-de-la-democratie\/","name":"Le Portugal c\u00e9l\u00e8bre les 50 ans de la d\u00e9mocratie","slug":"le-portugal-celebre-les-50-ans-de-la-democratie","taxonomy":"post_tag","meta":[],"_links":{"self":[{"href":"https:\/\/www.culturalusa.com\/news\/wp-json\/wp\/v2\/tags\/3062","targetHints":{"allow":["GET"]}}],"collection":[{"href":"https:\/\/www.culturalusa.com\/news\/wp-json\/wp\/v2\/tags"}],"about":[{"href":"https:\/\/www.culturalusa.com\/news\/wp-json\/wp\/v2\/taxonomies\/post_tag"}],"wp:post_type":[{"href":"https:\/\/www.culturalusa.com\/news\/wp-json\/wp\/v2\/posts?tags=3062"}],"curies":[{"name":"wp","href":"https:\/\/api.w.org\/{rel}","templated":true}]}}