{"id":3484,"count":1,"description":"","link":"https:\/\/www.culturalusa.com\/news\/tag\/suede-se-preparer-a-la-guerre\/","name":"Su\u00e8de se pr\u00e9parer \u00e0 la guerre","slug":"suede-se-preparer-a-la-guerre","taxonomy":"post_tag","meta":[],"_links":{"self":[{"href":"https:\/\/www.culturalusa.com\/news\/wp-json\/wp\/v2\/tags\/3484","targetHints":{"allow":["GET"]}}],"collection":[{"href":"https:\/\/www.culturalusa.com\/news\/wp-json\/wp\/v2\/tags"}],"about":[{"href":"https:\/\/www.culturalusa.com\/news\/wp-json\/wp\/v2\/taxonomies\/post_tag"}],"wp:post_type":[{"href":"https:\/\/www.culturalusa.com\/news\/wp-json\/wp\/v2\/posts?tags=3484"}],"curies":[{"name":"wp","href":"https:\/\/api.w.org\/{rel}","templated":true}]}}